{"id":2196,"date":"2023-05-26T13:06:32","date_gmt":"2023-05-26T11:06:32","guid":{"rendered":"https:\/\/nexus-avocats.ch\/unkategorisiert\/theo-meylan-zum-vizepraesidenten-des-arbeitsgerichtes-waadt-ost-ernannt\/"},"modified":"2023-05-26T13:06:32","modified_gmt":"2023-05-26T11:06:32","slug":"theo-meylan-zum-vizepraesidenten-des-arbeitsgerichtes-waadt-ost-ernannt","status":"publish","type":"post","link":"https:\/\/nexus-avocats.ch\/de\/evenements-de\/theo-meylan-zum-vizepraesidenten-des-arbeitsgerichtes-waadt-ost-ernannt\/","title":{"rendered":"Th\u00e9o Meylan zum Vizepr\u00e4sidenten des Arbeitsgerichtes Waadt Ost ernannt"},"content":{"rendered":"<p>Wir freuen uns, Ihnen mitteilen zu k\u00f6nnen, dass unser Partner Th\u00e9o Meylan zum Vizepr\u00e4sidenten des Arbeitsgerichtes Waadt Ost ernannt wurde, einer f\u00fcr arbeitsrechtliche Streitigkeiten zust\u00e4ndigen Justizbeh\u00f6rde.<\/p>\n<p>In dieser Funktion leitet er die Schlichtungsverhandlungen und pr\u00e4sidiert das Arbeitsgericht bei den Urteilsverhandlungen.<\/p>\n<p>Th\u00e9o Meylan \u00fcbt diese Funktion in Teilzeit aus, parallel zu seiner T\u00e4tigkeit in der Kanzlei.<\/p>\n<p><img loading=\"lazy\" decoding=\"async\" class=\" wp-image-2190\" title=\"picture\" src=\"https:\/\/nexus-avocats.ch\/wp-content\/uploads\/2023\/10\/2278950503511470.webp\" alt=\"picture\" width=\"458\" height=\"305\"><\/p>\n","protected":false},"excerpt":{"rendered":"<p>Wir freuen uns, Ihnen mitteilen zu k\u00f6nnen, dass unser Partner Th\u00e9o Meylan zum Vizepr\u00e4sidenten des Arbeitsgerichtes Waadt Ost ernannt wurde, einer f\u00fcr arbeitsrechtliche Streitigkeiten zust\u00e4ndigen Justizbeh\u00f6rde. In dieser Funktion leitet er die Schlichtungsverhandlungen und pr\u00e4sidiert das Arbeitsgericht bei den Urteilsverhandlungen. Th\u00e9o Meylan \u00fcbt diese Funktion in Teilzeit aus, parallel zu seiner T\u00e4tigkeit in der Kanzlei.<\/p>\n","protected":false},"author":2,"featured_media":0,"comment_status":"closed","ping_status":"closed","sticky":false,"template":"","format":"standard","meta":{"_acf_changed":false,"_et_pb_use_builder":"","_et_pb_old_content":"","_et_gb_content_width":"","inline_featured_image":false,"footnotes":""},"categories":[95],"tags":[],"class_list":["post-2196","post","type-post","status-publish","format-standard","hentry","category-evenements-de"],"acf":[],"_links":{"self":[{"href":"https:\/\/nexus-avocats.ch\/de\/wp-json\/wp\/v2\/posts\/2196","targetHints":{"allow":["GET"]}}],"collection":[{"href":"https:\/\/nexus-avocats.ch\/de\/wp-json\/wp\/v2\/posts"}],"about":[{"href":"https:\/\/nexus-avocats.ch\/de\/wp-json\/wp\/v2\/types\/post"}],"author":[{"embeddable":true,"href":"https:\/\/nexus-avocats.ch\/de\/wp-json\/wp\/v2\/users\/2"}],"replies":[{"embeddable":true,"href":"https:\/\/nexus-avocats.ch\/de\/wp-json\/wp\/v2\/comments?post=2196"}],"version-history":[{"count":0,"href":"https:\/\/nexus-avocats.ch\/de\/wp-json\/wp\/v2\/posts\/2196\/revisions"}],"wp:attachment":[{"href":"https:\/\/nexus-avocats.ch\/de\/wp-json\/wp\/v2\/media?parent=2196"}],"wp:term":[{"taxonomy":"category","embeddable":true,"href":"https:\/\/nexus-avocats.ch\/de\/wp-json\/wp\/v2\/categories?post=2196"},{"taxonomy":"post_tag","embeddable":true,"href":"https:\/\/nexus-avocats.ch\/de\/wp-json\/wp\/v2\/tags?post=2196"}],"curies":[{"name":"wp","href":"https:\/\/api.w.org\/{rel}","templated":true}]}}