{"id":2205,"date":"2023-10-01T13:20:40","date_gmt":"2023-10-01T11:20:40","guid":{"rendered":"https:\/\/nexus-avocats.ch\/unkategorisiert\/theo-bruehlmann-tritt-der-kanzlei-als-partner-bei\/"},"modified":"2023-10-01T13:20:40","modified_gmt":"2023-10-01T11:20:40","slug":"theo-bruehlmann-tritt-der-kanzlei-als-partner-bei","status":"publish","type":"post","link":"https:\/\/nexus-avocats.ch\/de\/evenements-de\/theo-bruehlmann-tritt-der-kanzlei-als-partner-bei\/","title":{"rendered":"Th\u00e9o Br\u00fchlmann tritt der Kanzlei als Partner bei"},"content":{"rendered":"<p>Wir freuen uns, Theo Br\u00fchlmann als neuen Partner in unserer Kanzlei ank\u00fcndigen zu k\u00f6nnen.<\/p>\n<p>Th\u00e9o ber\u00e4t und vertritt die Interessen von Schweizer und internationalen Klienten in besonders komplexen zivil- und strafrechtlichen Gerichtsverfahren. Seine Fachgebiete umfassen insbesondere Vertragsrecht, Handelsrecht, Strafrecht und Sportrecht.<\/p>\n<p>Zus\u00e4tzlich zu seiner Anwaltst\u00e4tigkeit ist Th\u00e9o Br\u00fchlmann als Vizepr\u00e4sident des Bezirksgerichts La C\u00f4te t\u00e4tig, wo er das Polizeigericht pr\u00e4sidiert.<\/p>\n<p><img loading=\"lazy\" decoding=\"async\" class=\" wp-image-2199\" title=\"Theo Bruhlmann\" src=\"https:\/\/nexus-avocats.ch\/wp-content\/uploads\/2023\/10\/Theo-Bruhlmann-1.png\" alt=\"Theo Bruhlmann\" width=\"387\" height=\"484\"><\/p>\n","protected":false},"excerpt":{"rendered":"<p>Wir freuen uns, Theo Br\u00fchlmann als neuen Partner in unserer Kanzlei ank\u00fcndigen zu k\u00f6nnen. Th\u00e9o ber\u00e4t und vertritt die Interessen von Schweizer und internationalen Klienten in besonders komplexen zivil- und strafrechtlichen Gerichtsverfahren. Seine Fachgebiete umfassen insbesondere Vertragsrecht, Handelsrecht, Strafrecht und Sportrecht. Zus\u00e4tzlich zu seiner Anwaltst\u00e4tigkeit ist Th\u00e9o Br\u00fchlmann als Vizepr\u00e4sident des Bezirksgerichts La C\u00f4te t\u00e4tig, [&hellip;]<\/p>\n","protected":false},"author":2,"featured_media":0,"comment_status":"closed","ping_status":"closed","sticky":false,"template":"","format":"standard","meta":{"_acf_changed":false,"_et_pb_use_builder":"","_et_pb_old_content":"","_et_gb_content_width":"","inline_featured_image":false,"footnotes":""},"categories":[95],"tags":[],"class_list":["post-2205","post","type-post","status-publish","format-standard","hentry","category-evenements-de"],"acf":[],"_links":{"self":[{"href":"https:\/\/nexus-avocats.ch\/de\/wp-json\/wp\/v2\/posts\/2205","targetHints":{"allow":["GET"]}}],"collection":[{"href":"https:\/\/nexus-avocats.ch\/de\/wp-json\/wp\/v2\/posts"}],"about":[{"href":"https:\/\/nexus-avocats.ch\/de\/wp-json\/wp\/v2\/types\/post"}],"author":[{"embeddable":true,"href":"https:\/\/nexus-avocats.ch\/de\/wp-json\/wp\/v2\/users\/2"}],"replies":[{"embeddable":true,"href":"https:\/\/nexus-avocats.ch\/de\/wp-json\/wp\/v2\/comments?post=2205"}],"version-history":[{"count":0,"href":"https:\/\/nexus-avocats.ch\/de\/wp-json\/wp\/v2\/posts\/2205\/revisions"}],"wp:attachment":[{"href":"https:\/\/nexus-avocats.ch\/de\/wp-json\/wp\/v2\/media?parent=2205"}],"wp:term":[{"taxonomy":"category","embeddable":true,"href":"https:\/\/nexus-avocats.ch\/de\/wp-json\/wp\/v2\/categories?post=2205"},{"taxonomy":"post_tag","embeddable":true,"href":"https:\/\/nexus-avocats.ch\/de\/wp-json\/wp\/v2\/tags?post=2205"}],"curies":[{"name":"wp","href":"https:\/\/api.w.org\/{rel}","templated":true}]}}