{"id":2536,"date":"2024-04-19T06:27:33","date_gmt":"2024-04-19T04:27:33","guid":{"rendered":"https:\/\/nexus-avocats.ch\/unkategorisiert\/theo-meylan-erhaelt-den-titel-fachanwalt-sav-bau-und-immobilienrecht\/"},"modified":"2024-04-19T06:27:33","modified_gmt":"2024-04-19T04:27:33","slug":"theo-meylan-erhaelt-den-titel-fachanwalt-sav-bau-und-immobilienrecht","status":"publish","type":"post","link":"https:\/\/nexus-avocats.ch\/de\/evenements-de\/theo-meylan-erhaelt-den-titel-fachanwalt-sav-bau-und-immobilienrecht\/","title":{"rendered":"Th\u00e9o Meylan erh\u00e4lt den Titel Fachanwalt SAV Bau- und Immobilienrecht"},"content":{"rendered":"<div class=\"feed-shared-inline-show-more-text feed-shared-update-v2__description feed-shared-inline-show-more-text--minimal-padding feed-shared-inline-show-more-text--3-lines feed-shared-inline-show-more-text--expanded \" tabindex=\"-1\">\n<div class=\"update-components-text relative update-components-update-v2__commentary \" dir=\"ltr\">\n<p><span dir=\"ltr\"><span class=\"break-words tvm-parent-container\"><a class=\"YYDYAPmgJNiHoOtGRjnLDnVQkrxYpXVJuwxY \" href=\"https:\/\/www.linkedin.com\/company\/nexus-avocats\/\" target=\"_self\" data-test-app-aware-link=\"\" rel=\"nofollow noopener\">NEXUS Rechtsanw\u00e4lte<\/a> freut sich bekannt zu geben, dass sein Partner <a id=\"ember979\" class=\"ember-view\" href=\"https:\/\/www.linkedin.com\/in\/th%C3%A9omeylan\/\" rel=\"nofollow noopener\" target=\"_blank\">Th\u00e9o Meylan<\/a> den Titel eines Fachanwalts FSA f\u00fcr Bau- und Immobilienrecht erhalten hat.<\/span><\/span><\/p>\n<p>Dieser Titel wurde nach einem Spezialisierungskurs erworben, der akademische Kenntnisse mit praktischer Erfahrung verbindet, und unterstreicht die T\u00e4tigkeit der Kanzlei im Bereich Immobilien und Bauwesen, sei es im privaten oder \u00f6ffentlichen Recht.<\/p>\n<\/div>\n<\/div>\n","protected":false},"excerpt":{"rendered":"<p>NEXUS Rechtsanw\u00e4lte freut sich bekannt zu geben, dass sein Partner Th\u00e9o Meylan den Titel eines Fachanwalts FSA f\u00fcr Bau- und Immobilienrecht erhalten hat. Dieser Titel wurde nach einem Spezialisierungskurs erworben, der akademische Kenntnisse mit praktischer Erfahrung verbindet, und unterstreicht die T\u00e4tigkeit der Kanzlei im Bereich Immobilien und Bauwesen, sei es im privaten oder \u00f6ffentlichen Recht.<\/p>\n","protected":false},"author":2,"featured_media":0,"comment_status":"closed","ping_status":"closed","sticky":false,"template":"","format":"standard","meta":{"_acf_changed":false,"_et_pb_use_builder":"","_et_pb_old_content":"","_et_gb_content_width":"","inline_featured_image":false,"footnotes":""},"categories":[95],"tags":[],"class_list":["post-2536","post","type-post","status-publish","format-standard","hentry","category-evenements-de"],"acf":[],"_links":{"self":[{"href":"https:\/\/nexus-avocats.ch\/de\/wp-json\/wp\/v2\/posts\/2536","targetHints":{"allow":["GET"]}}],"collection":[{"href":"https:\/\/nexus-avocats.ch\/de\/wp-json\/wp\/v2\/posts"}],"about":[{"href":"https:\/\/nexus-avocats.ch\/de\/wp-json\/wp\/v2\/types\/post"}],"author":[{"embeddable":true,"href":"https:\/\/nexus-avocats.ch\/de\/wp-json\/wp\/v2\/users\/2"}],"replies":[{"embeddable":true,"href":"https:\/\/nexus-avocats.ch\/de\/wp-json\/wp\/v2\/comments?post=2536"}],"version-history":[{"count":0,"href":"https:\/\/nexus-avocats.ch\/de\/wp-json\/wp\/v2\/posts\/2536\/revisions"}],"wp:attachment":[{"href":"https:\/\/nexus-avocats.ch\/de\/wp-json\/wp\/v2\/media?parent=2536"}],"wp:term":[{"taxonomy":"category","embeddable":true,"href":"https:\/\/nexus-avocats.ch\/de\/wp-json\/wp\/v2\/categories?post=2536"},{"taxonomy":"post_tag","embeddable":true,"href":"https:\/\/nexus-avocats.ch\/de\/wp-json\/wp\/v2\/tags?post=2536"}],"curies":[{"name":"wp","href":"https:\/\/api.w.org\/{rel}","templated":true}]}}