{"id":2776,"date":"2024-07-01T19:37:41","date_gmt":"2024-07-01T17:37:41","guid":{"rendered":"https:\/\/nexus-avocats.ch\/?p=2776"},"modified":"2026-01-16T19:38:56","modified_gmt":"2026-01-16T18:38:56","slug":"altern8-sa-evok-rejoint-le-groupe-sequotech","status":"publish","type":"post","link":"https:\/\/nexus-avocats.ch\/de\/deals-and-cases\/altern8-sa-evok-rejoint-le-groupe-sequotech\/","title":{"rendered":"ALTERN8 SA \u2013 EVOK rejoint le groupe Sequotech"},"content":{"rendered":"<p>NEXUS Avocats a conseill\u00e9 les actionnaires de ALTERN8 SA \u2013 EVOK dans le cadre de la vente de leurs actions au groupe Sequotech. L\u2019\u00e9quipe \u00e9tait conjointement men\u00e9e par Nicolas F. Krauer et Gr\u00e9goire Henriod.<\/p>\n","protected":false},"excerpt":{"rendered":"<p>NEXUS Avocats a conseill\u00e9 les actionnaires de ALTERN8 SA \u2013 EVOK dans le cadre de la vente de leurs actions au groupe Sequotech. L\u2019\u00e9quipe \u00e9tait conjointement men\u00e9e par Nicolas F. Krauer et Gr\u00e9goire Henriod.<\/p>\n","protected":false},"author":2,"featured_media":0,"comment_status":"closed","ping_status":"closed","sticky":false,"template":"","format":"standard","meta":{"_acf_changed":false,"_et_pb_use_builder":"","_et_pb_old_content":"","_et_gb_content_width":"","inline_featured_image":false,"footnotes":""},"categories":[37],"tags":[],"class_list":["post-2776","post","type-post","status-publish","format-standard","hentry","category-deals-and-cases"],"acf":[],"_links":{"self":[{"href":"https:\/\/nexus-avocats.ch\/de\/wp-json\/wp\/v2\/posts\/2776","targetHints":{"allow":["GET"]}}],"collection":[{"href":"https:\/\/nexus-avocats.ch\/de\/wp-json\/wp\/v2\/posts"}],"about":[{"href":"https:\/\/nexus-avocats.ch\/de\/wp-json\/wp\/v2\/types\/post"}],"author":[{"embeddable":true,"href":"https:\/\/nexus-avocats.ch\/de\/wp-json\/wp\/v2\/users\/2"}],"replies":[{"embeddable":true,"href":"https:\/\/nexus-avocats.ch\/de\/wp-json\/wp\/v2\/comments?post=2776"}],"version-history":[{"count":2,"href":"https:\/\/nexus-avocats.ch\/de\/wp-json\/wp\/v2\/posts\/2776\/revisions"}],"predecessor-version":[{"id":2778,"href":"https:\/\/nexus-avocats.ch\/de\/wp-json\/wp\/v2\/posts\/2776\/revisions\/2778"}],"wp:attachment":[{"href":"https:\/\/nexus-avocats.ch\/de\/wp-json\/wp\/v2\/media?parent=2776"}],"wp:term":[{"taxonomy":"category","embeddable":true,"href":"https:\/\/nexus-avocats.ch\/de\/wp-json\/wp\/v2\/categories?post=2776"},{"taxonomy":"post_tag","embeddable":true,"href":"https:\/\/nexus-avocats.ch\/de\/wp-json\/wp\/v2\/tags?post=2776"}],"curies":[{"name":"wp","href":"https:\/\/api.w.org\/{rel}","templated":true}]}}