{"id":2805,"date":"2023-01-12T19:59:38","date_gmt":"2023-01-12T18:59:38","guid":{"rendered":"https:\/\/nexus-avocats.ch\/?p=2805"},"modified":"2026-01-16T20:00:49","modified_gmt":"2026-01-16T19:00:49","slug":"transaction-dans-le-domaine-de-la-location-de-services-et-du-placement-de-personnel","status":"publish","type":"post","link":"https:\/\/nexus-avocats.ch\/de\/deals-and-cases\/transaction-dans-le-domaine-de-la-location-de-services-et-du-placement-de-personnel\/","title":{"rendered":"Transaction dans le domaine de la location de services et du placement de personnel"},"content":{"rendered":"<p>NEXUS Avocats a conseill\u00e9 les actionnaires d\u2019une soci\u00e9t\u00e9 sp\u00e9cialis\u00e9e la location de services et du placement de personnel dans le cadre de la vente de leurs actions \u00e0 un acqu\u00e9reur strat\u00e9gique. L\u2019\u00e9quipe \u00e9tait men\u00e9e par Nicolas F. Krauer.<\/p>\n","protected":false},"excerpt":{"rendered":"<p>NEXUS Avocats a conseill\u00e9 les actionnaires d\u2019une soci\u00e9t\u00e9 sp\u00e9cialis\u00e9e la location de services et du placement de personnel dans le cadre de la vente de leurs actions \u00e0 un acqu\u00e9reur strat\u00e9gique. L\u2019\u00e9quipe \u00e9tait men\u00e9e par Nicolas F. Krauer.<\/p>\n","protected":false},"author":2,"featured_media":0,"comment_status":"closed","ping_status":"closed","sticky":false,"template":"","format":"standard","meta":{"_acf_changed":false,"_et_pb_use_builder":"","_et_pb_old_content":"","_et_gb_content_width":"","inline_featured_image":false,"footnotes":""},"categories":[37],"tags":[],"class_list":["post-2805","post","type-post","status-publish","format-standard","hentry","category-deals-and-cases"],"acf":[],"_links":{"self":[{"href":"https:\/\/nexus-avocats.ch\/de\/wp-json\/wp\/v2\/posts\/2805","targetHints":{"allow":["GET"]}}],"collection":[{"href":"https:\/\/nexus-avocats.ch\/de\/wp-json\/wp\/v2\/posts"}],"about":[{"href":"https:\/\/nexus-avocats.ch\/de\/wp-json\/wp\/v2\/types\/post"}],"author":[{"embeddable":true,"href":"https:\/\/nexus-avocats.ch\/de\/wp-json\/wp\/v2\/users\/2"}],"replies":[{"embeddable":true,"href":"https:\/\/nexus-avocats.ch\/de\/wp-json\/wp\/v2\/comments?post=2805"}],"version-history":[{"count":2,"href":"https:\/\/nexus-avocats.ch\/de\/wp-json\/wp\/v2\/posts\/2805\/revisions"}],"predecessor-version":[{"id":2807,"href":"https:\/\/nexus-avocats.ch\/de\/wp-json\/wp\/v2\/posts\/2805\/revisions\/2807"}],"wp:attachment":[{"href":"https:\/\/nexus-avocats.ch\/de\/wp-json\/wp\/v2\/media?parent=2805"}],"wp:term":[{"taxonomy":"category","embeddable":true,"href":"https:\/\/nexus-avocats.ch\/de\/wp-json\/wp\/v2\/categories?post=2805"},{"taxonomy":"post_tag","embeddable":true,"href":"https:\/\/nexus-avocats.ch\/de\/wp-json\/wp\/v2\/tags?post=2805"}],"curies":[{"name":"wp","href":"https:\/\/api.w.org\/{rel}","templated":true}]}}