{"id":2813,"date":"2022-11-16T20:05:27","date_gmt":"2022-11-16T19:05:27","guid":{"rendered":"https:\/\/nexus-avocats.ch\/?p=2813"},"modified":"2026-01-16T20:07:04","modified_gmt":"2026-01-16T19:07:04","slug":"restructuration-dun-groupe-international","status":"publish","type":"post","link":"https:\/\/nexus-avocats.ch\/de\/deals-and-cases\/restructuration-dun-groupe-international\/","title":{"rendered":"Restructuration d&#8217;un groupe international"},"content":{"rendered":"<p>NEXUS Avocats a conseill\u00e9 un groupe international dans sa restructuration en Suisse, y compris dans le cadre de proc\u00e9dures de licenciement collectif.<\/p>\n<p>L&#8217;\u00e9quipe \u00e9tait men\u00e9e par Nicolas F. Krauer et incluait \u00e9galement Marina Henriod.<\/p>\n","protected":false},"excerpt":{"rendered":"<p>NEXUS Avocats a conseill\u00e9 un groupe international dans sa restructuration en Suisse, y compris dans le cadre de proc\u00e9dures de licenciement collectif. L&#8217;\u00e9quipe \u00e9tait men\u00e9e par Nicolas F. Krauer et incluait \u00e9galement Marina Henriod.<\/p>\n","protected":false},"author":2,"featured_media":0,"comment_status":"closed","ping_status":"closed","sticky":false,"template":"","format":"standard","meta":{"_acf_changed":false,"_et_pb_use_builder":"","_et_pb_old_content":"","_et_gb_content_width":"","inline_featured_image":false,"footnotes":""},"categories":[37],"tags":[],"class_list":["post-2813","post","type-post","status-publish","format-standard","hentry","category-deals-and-cases"],"acf":[],"_links":{"self":[{"href":"https:\/\/nexus-avocats.ch\/de\/wp-json\/wp\/v2\/posts\/2813","targetHints":{"allow":["GET"]}}],"collection":[{"href":"https:\/\/nexus-avocats.ch\/de\/wp-json\/wp\/v2\/posts"}],"about":[{"href":"https:\/\/nexus-avocats.ch\/de\/wp-json\/wp\/v2\/types\/post"}],"author":[{"embeddable":true,"href":"https:\/\/nexus-avocats.ch\/de\/wp-json\/wp\/v2\/users\/2"}],"replies":[{"embeddable":true,"href":"https:\/\/nexus-avocats.ch\/de\/wp-json\/wp\/v2\/comments?post=2813"}],"version-history":[{"count":2,"href":"https:\/\/nexus-avocats.ch\/de\/wp-json\/wp\/v2\/posts\/2813\/revisions"}],"predecessor-version":[{"id":2815,"href":"https:\/\/nexus-avocats.ch\/de\/wp-json\/wp\/v2\/posts\/2813\/revisions\/2815"}],"wp:attachment":[{"href":"https:\/\/nexus-avocats.ch\/de\/wp-json\/wp\/v2\/media?parent=2813"}],"wp:term":[{"taxonomy":"category","embeddable":true,"href":"https:\/\/nexus-avocats.ch\/de\/wp-json\/wp\/v2\/categories?post=2813"},{"taxonomy":"post_tag","embeddable":true,"href":"https:\/\/nexus-avocats.ch\/de\/wp-json\/wp\/v2\/tags?post=2813"}],"curies":[{"name":"wp","href":"https:\/\/api.w.org\/{rel}","templated":true}]}}