{"id":2817,"date":"2024-08-14T20:08:37","date_gmt":"2024-08-14T18:08:37","guid":{"rendered":"https:\/\/nexus-avocats.ch\/?p=2817"},"modified":"2026-01-16T20:09:55","modified_gmt":"2026-01-16T19:09:55","slug":"restructuration-du-groupe-steba-biotech-sa","status":"publish","type":"post","link":"https:\/\/nexus-avocats.ch\/de\/deals-and-cases\/restructuration-du-groupe-steba-biotech-sa\/","title":{"rendered":"Restructuration du groupe Steba Biotech SA"},"content":{"rendered":"<p>NEXUS Avocats a conseill\u00e9 le groupe Steba Biotech dans sa restructuration, notamment en lien avec les liquidations d\u2019entit\u00e9s suisses et des cessions d\u2019actifs entre soci\u00e9t\u00e9s. NEXUS Avocats a \u00e9galement conseill\u00e9 le groupe Steba Biotech sur les conclusions de nouveaux accords strat\u00e9giques en lien avec ses activit\u00e9s de recherches. L&#8217;\u00e9quipe \u00e9tait men\u00e9e par Nicolas F. Krauer.<\/p>\n","protected":false},"excerpt":{"rendered":"<p>NEXUS Avocats a conseill\u00e9 le groupe Steba Biotech dans sa restructuration, notamment en lien avec les liquidations d\u2019entit\u00e9s suisses et des cessions d\u2019actifs entre soci\u00e9t\u00e9s. NEXUS Avocats a \u00e9galement conseill\u00e9 le groupe Steba Biotech sur les conclusions de nouveaux accords strat\u00e9giques en lien avec ses activit\u00e9s de recherches. L&#8217;\u00e9quipe \u00e9tait men\u00e9e par Nicolas F. Krauer.<\/p>\n","protected":false},"author":2,"featured_media":0,"comment_status":"closed","ping_status":"closed","sticky":false,"template":"","format":"standard","meta":{"_acf_changed":false,"_et_pb_use_builder":"","_et_pb_old_content":"","_et_gb_content_width":"","inline_featured_image":false,"footnotes":""},"categories":[37],"tags":[],"class_list":["post-2817","post","type-post","status-publish","format-standard","hentry","category-deals-and-cases"],"acf":[],"_links":{"self":[{"href":"https:\/\/nexus-avocats.ch\/de\/wp-json\/wp\/v2\/posts\/2817","targetHints":{"allow":["GET"]}}],"collection":[{"href":"https:\/\/nexus-avocats.ch\/de\/wp-json\/wp\/v2\/posts"}],"about":[{"href":"https:\/\/nexus-avocats.ch\/de\/wp-json\/wp\/v2\/types\/post"}],"author":[{"embeddable":true,"href":"https:\/\/nexus-avocats.ch\/de\/wp-json\/wp\/v2\/users\/2"}],"replies":[{"embeddable":true,"href":"https:\/\/nexus-avocats.ch\/de\/wp-json\/wp\/v2\/comments?post=2817"}],"version-history":[{"count":2,"href":"https:\/\/nexus-avocats.ch\/de\/wp-json\/wp\/v2\/posts\/2817\/revisions"}],"predecessor-version":[{"id":2819,"href":"https:\/\/nexus-avocats.ch\/de\/wp-json\/wp\/v2\/posts\/2817\/revisions\/2819"}],"wp:attachment":[{"href":"https:\/\/nexus-avocats.ch\/de\/wp-json\/wp\/v2\/media?parent=2817"}],"wp:term":[{"taxonomy":"category","embeddable":true,"href":"https:\/\/nexus-avocats.ch\/de\/wp-json\/wp\/v2\/categories?post=2817"},{"taxonomy":"post_tag","embeddable":true,"href":"https:\/\/nexus-avocats.ch\/de\/wp-json\/wp\/v2\/tags?post=2817"}],"curies":[{"name":"wp","href":"https:\/\/api.w.org\/{rel}","templated":true}]}}