{"id":2821,"date":"2025-02-27T20:12:07","date_gmt":"2025-02-27T19:12:07","guid":{"rendered":"https:\/\/nexus-avocats.ch\/?p=2821"},"modified":"2026-01-16T20:21:23","modified_gmt":"2026-01-16T19:21:23","slug":"acquisition-de-domofen-par-nuavo","status":"publish","type":"post","link":"https:\/\/nexus-avocats.ch\/de\/deals-and-cases\/acquisition-de-domofen-par-nuavo\/","title":{"rendered":"Acquisition d\u2019une participation majoritaire dans Domofen par Nuavo"},"content":{"rendered":"<p>La soci\u00e9t\u00e9 d\u2019investissements suisse Nuavo a finalis\u00e9 l\u2019acquisition d\u2019une participation majoritaire dans Domofen, fabricant de fen\u00eatres et de portes bas\u00e9 \u00e0 Courgenay. NEXUS Avocats a conseill\u00e9 Nuavo sur les diff\u00e9rents aspects de la transaction. L&#8217;\u00e9quipe \u00e9tait men\u00e9e par Nicolas F. Krauer et incluait \u00e9galement Gr\u00e9goire Henriod.<\/p>\n","protected":false},"excerpt":{"rendered":"<p>La soci\u00e9t\u00e9 d\u2019investissements suisse Nuavo a finalis\u00e9 l\u2019acquisition d\u2019une participation majoritaire dans Domofen, fabricant de fen\u00eatres et de portes bas\u00e9 \u00e0 Courgenay. NEXUS Avocats a conseill\u00e9 Nuavo sur les diff\u00e9rents aspects de la transaction. L&#8217;\u00e9quipe \u00e9tait men\u00e9e par Nicolas F. Krauer et incluait \u00e9galement Gr\u00e9goire Henriod.<\/p>\n","protected":false},"author":2,"featured_media":0,"comment_status":"closed","ping_status":"closed","sticky":false,"template":"","format":"standard","meta":{"_acf_changed":false,"_et_pb_use_builder":"","_et_pb_old_content":"","_et_gb_content_width":"","inline_featured_image":false,"footnotes":""},"categories":[37],"tags":[],"class_list":["post-2821","post","type-post","status-publish","format-standard","hentry","category-deals-and-cases"],"acf":[],"_links":{"self":[{"href":"https:\/\/nexus-avocats.ch\/de\/wp-json\/wp\/v2\/posts\/2821","targetHints":{"allow":["GET"]}}],"collection":[{"href":"https:\/\/nexus-avocats.ch\/de\/wp-json\/wp\/v2\/posts"}],"about":[{"href":"https:\/\/nexus-avocats.ch\/de\/wp-json\/wp\/v2\/types\/post"}],"author":[{"embeddable":true,"href":"https:\/\/nexus-avocats.ch\/de\/wp-json\/wp\/v2\/users\/2"}],"replies":[{"embeddable":true,"href":"https:\/\/nexus-avocats.ch\/de\/wp-json\/wp\/v2\/comments?post=2821"}],"version-history":[{"count":3,"href":"https:\/\/nexus-avocats.ch\/de\/wp-json\/wp\/v2\/posts\/2821\/revisions"}],"predecessor-version":[{"id":2825,"href":"https:\/\/nexus-avocats.ch\/de\/wp-json\/wp\/v2\/posts\/2821\/revisions\/2825"}],"wp:attachment":[{"href":"https:\/\/nexus-avocats.ch\/de\/wp-json\/wp\/v2\/media?parent=2821"}],"wp:term":[{"taxonomy":"category","embeddable":true,"href":"https:\/\/nexus-avocats.ch\/de\/wp-json\/wp\/v2\/categories?post=2821"},{"taxonomy":"post_tag","embeddable":true,"href":"https:\/\/nexus-avocats.ch\/de\/wp-json\/wp\/v2\/tags?post=2821"}],"curies":[{"name":"wp","href":"https:\/\/api.w.org\/{rel}","templated":true}]}}