{"id":2844,"date":"2025-08-29T17:47:43","date_gmt":"2025-08-29T15:47:43","guid":{"rendered":"https:\/\/nexus-avocats.ch\/?p=2844"},"modified":"2026-02-14T17:53:08","modified_gmt":"2026-02-14T16:53:08","slug":"investissement-strategique-dans-swiss-fermetures","status":"publish","type":"post","link":"https:\/\/nexus-avocats.ch\/de\/deals-and-cases\/investissement-strategique-dans-swiss-fermetures\/","title":{"rendered":"Investissement strat\u00e9gique dans Swiss Fermetures"},"content":{"rendered":"<p>NEXUS Avocats a conseill\u00e9 les investisseurs dans le cadre de l&#8217;investissement strat\u00e9gique dans Swiss Fermetures, un sp\u00e9cialiste reconnu des portes et fen\u00eatres. L&#8217;\u00e9quipe \u00e9tait men\u00e9e par Nicolas F. Krauer.<\/p>\n","protected":false},"excerpt":{"rendered":"<p>NEXUS Avocats a conseill\u00e9 les investisseurs dans le cadre de l&#8217;investissement strat\u00e9gique dans Swiss Fermetures, un sp\u00e9cialiste reconnu des portes et fen\u00eatres. L&#8217;\u00e9quipe \u00e9tait men\u00e9e par Nicolas F. Krauer.<\/p>\n","protected":false},"author":2,"featured_media":0,"comment_status":"closed","ping_status":"closed","sticky":false,"template":"","format":"standard","meta":{"_acf_changed":false,"_et_pb_use_builder":"","_et_pb_old_content":"","_et_gb_content_width":"","inline_featured_image":false,"footnotes":""},"categories":[37],"tags":[],"class_list":["post-2844","post","type-post","status-publish","format-standard","hentry","category-deals-and-cases"],"acf":[],"_links":{"self":[{"href":"https:\/\/nexus-avocats.ch\/de\/wp-json\/wp\/v2\/posts\/2844","targetHints":{"allow":["GET"]}}],"collection":[{"href":"https:\/\/nexus-avocats.ch\/de\/wp-json\/wp\/v2\/posts"}],"about":[{"href":"https:\/\/nexus-avocats.ch\/de\/wp-json\/wp\/v2\/types\/post"}],"author":[{"embeddable":true,"href":"https:\/\/nexus-avocats.ch\/de\/wp-json\/wp\/v2\/users\/2"}],"replies":[{"embeddable":true,"href":"https:\/\/nexus-avocats.ch\/de\/wp-json\/wp\/v2\/comments?post=2844"}],"version-history":[{"count":2,"href":"https:\/\/nexus-avocats.ch\/de\/wp-json\/wp\/v2\/posts\/2844\/revisions"}],"predecessor-version":[{"id":2846,"href":"https:\/\/nexus-avocats.ch\/de\/wp-json\/wp\/v2\/posts\/2844\/revisions\/2846"}],"wp:attachment":[{"href":"https:\/\/nexus-avocats.ch\/de\/wp-json\/wp\/v2\/media?parent=2844"}],"wp:term":[{"taxonomy":"category","embeddable":true,"href":"https:\/\/nexus-avocats.ch\/de\/wp-json\/wp\/v2\/categories?post=2844"},{"taxonomy":"post_tag","embeddable":true,"href":"https:\/\/nexus-avocats.ch\/de\/wp-json\/wp\/v2\/tags?post=2844"}],"curies":[{"name":"wp","href":"https:\/\/api.w.org\/{rel}","templated":true}]}}