{"id":557,"date":"2022-07-08T17:42:00","date_gmt":"2022-07-08T15:42:00","guid":{"rendered":"https:\/\/nexus-avocats.ch\/?p=557"},"modified":"2022-09-01T16:00:04","modified_gmt":"2022-09-01T14:00:04","slug":"creation-de-dezonage-ch","status":"publish","type":"post","link":"https:\/\/nexus-avocats.ch\/de\/evenements\/creation-de-dezonage-ch\/","title":{"rendered":"Cr\u00e9ation de dezonage.ch"},"content":{"rendered":"\n<p>Les proc\u00e9dures de r\u00e9vision des plans d&#8217;affectation sont nombreuses, en particulier dans les communes dont la zone \u00e0 b\u00e2tir est surdimensionn\u00e9e. Les oppositions et \u00e9ventuels recours sont g\u00e9n\u00e9ralement complexes, notamment vu les multiples crit\u00e8res techniques \u00e0 prendre en compte et les enjeux \u00e9normes pour les propri\u00e9taires concern\u00e9s.<\/p>\n\n\n\n<p><br>En cas de d\u00e9classement d&#8217;un terrain, des proc\u00e9dures d&#8217;indemnisation pour expropriation mat\u00e9rielle peuvent ensuite \u00eatre envisag\u00e9es par les propri\u00e9taires l\u00e9s\u00e9s.<\/p>\n\n\n\n<p><br>Ces probl\u00e9matiques \u00e9tant particuli\u00e8rement complexes et difficiles d&#8217;acc\u00e8s pour les propri\u00e9taires, nous avons le plaisir de lancer aujourd&#8217;hui le site&nbsp;<a href=\"https:\/\/dezonage.ch\/\" rel=\"nofollow noopener\" target=\"_blank\">https:\/\/dezonage.ch\/<\/a> &nbsp;afin de fournir un premier point d&#8217;orientation aux personnes concern\u00e9es.<\/p>\n","protected":false},"excerpt":{"rendered":"<p>Les proc\u00e9dures de r\u00e9vision des plans d&#8217;affectation sont nombreuses, en particulier dans les communes dont la zone \u00e0 b\u00e2tir est surdimensionn\u00e9e. Les oppositions et \u00e9ventuels recours sont g\u00e9n\u00e9ralement complexes, notamment vu les multiples crit\u00e8res techniques \u00e0 prendre en compte et les enjeux \u00e9normes pour les propri\u00e9taires concern\u00e9s. En cas de d\u00e9classement d&#8217;un terrain, des proc\u00e9dures [&hellip;]<\/p>\n","protected":false},"author":1,"featured_media":0,"comment_status":"closed","ping_status":"closed","sticky":false,"template":"","format":"standard","meta":{"_acf_changed":false,"_et_pb_use_builder":"","_et_pb_old_content":"","_et_gb_content_width":"","inline_featured_image":false,"footnotes":""},"categories":[38],"tags":[],"class_list":["post-557","post","type-post","status-publish","format-standard","hentry","category-evenements"],"acf":[],"_links":{"self":[{"href":"https:\/\/nexus-avocats.ch\/de\/wp-json\/wp\/v2\/posts\/557","targetHints":{"allow":["GET"]}}],"collection":[{"href":"https:\/\/nexus-avocats.ch\/de\/wp-json\/wp\/v2\/posts"}],"about":[{"href":"https:\/\/nexus-avocats.ch\/de\/wp-json\/wp\/v2\/types\/post"}],"author":[{"embeddable":true,"href":"https:\/\/nexus-avocats.ch\/de\/wp-json\/wp\/v2\/users\/1"}],"replies":[{"embeddable":true,"href":"https:\/\/nexus-avocats.ch\/de\/wp-json\/wp\/v2\/comments?post=557"}],"version-history":[{"count":0,"href":"https:\/\/nexus-avocats.ch\/de\/wp-json\/wp\/v2\/posts\/557\/revisions"}],"wp:attachment":[{"href":"https:\/\/nexus-avocats.ch\/de\/wp-json\/wp\/v2\/media?parent=557"}],"wp:term":[{"taxonomy":"category","embeddable":true,"href":"https:\/\/nexus-avocats.ch\/de\/wp-json\/wp\/v2\/categories?post=557"},{"taxonomy":"post_tag","embeddable":true,"href":"https:\/\/nexus-avocats.ch\/de\/wp-json\/wp\/v2\/tags?post=557"}],"curies":[{"name":"wp","href":"https:\/\/api.w.org\/{rel}","templated":true}]}}