{"id":747,"date":"2022-03-16T11:30:48","date_gmt":"2022-03-16T10:30:48","guid":{"rendered":"https:\/\/nexus-avocats.ch\/?p=747"},"modified":"2022-09-27T16:29:13","modified_gmt":"2022-09-27T14:29:13","slug":"theo-meylan-recoit-le-1er-prix-du-concours-deloquence-eric-stoudmann","status":"publish","type":"post","link":"https:\/\/nexus-avocats.ch\/de\/evenements\/theo-meylan-recoit-le-1er-prix-du-concours-deloquence-eric-stoudmann\/","title":{"rendered":"Th\u00e9o Meylan re\u00e7oit le 1er prix du concours d\u2019\u00e9loquence Eric Stoudmann"},"content":{"rendered":"\r\n<p>\u00a0<br \/>Notre associ\u00e9 Th\u00e9o Meylan a re\u00e7u le 1er prix du concours d\u2019\u00e9loquence Eric Stoudmann organis\u00e9 par le Jeune barreau vaudois.<br \/>\u00a0<br \/>Merci au Comit\u00e9 du Jeune Barreau Vaudois et aux membres du Jury pour l\u2019organisation du concours, qui contribue \u00e0 renforcer le go\u00fbt pour la plaidoirie et l\u2019art oratoire au sein du barreau vaudois.<\/p>\r\n","protected":false},"excerpt":{"rendered":"<p>\u00a0Notre associ\u00e9 Th\u00e9o Meylan a re\u00e7u le 1er prix du concours d\u2019\u00e9loquence Eric Stoudmann organis\u00e9 par le Jeune barreau vaudois.\u00a0Merci au Comit\u00e9 du Jeune Barreau Vaudois et aux membres du Jury pour l\u2019organisation du concours, qui contribue \u00e0 renforcer le go\u00fbt pour la plaidoirie et l\u2019art oratoire au sein du barreau vaudois.<\/p>\n","protected":false},"author":1,"featured_media":0,"comment_status":"closed","ping_status":"closed","sticky":false,"template":"","format":"standard","meta":{"_acf_changed":false,"_et_pb_use_builder":"","_et_pb_old_content":"","_et_gb_content_width":"","inline_featured_image":false,"footnotes":""},"categories":[38],"tags":[],"class_list":["post-747","post","type-post","status-publish","format-standard","hentry","category-evenements"],"acf":[],"_links":{"self":[{"href":"https:\/\/nexus-avocats.ch\/de\/wp-json\/wp\/v2\/posts\/747","targetHints":{"allow":["GET"]}}],"collection":[{"href":"https:\/\/nexus-avocats.ch\/de\/wp-json\/wp\/v2\/posts"}],"about":[{"href":"https:\/\/nexus-avocats.ch\/de\/wp-json\/wp\/v2\/types\/post"}],"author":[{"embeddable":true,"href":"https:\/\/nexus-avocats.ch\/de\/wp-json\/wp\/v2\/users\/1"}],"replies":[{"embeddable":true,"href":"https:\/\/nexus-avocats.ch\/de\/wp-json\/wp\/v2\/comments?post=747"}],"version-history":[{"count":0,"href":"https:\/\/nexus-avocats.ch\/de\/wp-json\/wp\/v2\/posts\/747\/revisions"}],"wp:attachment":[{"href":"https:\/\/nexus-avocats.ch\/de\/wp-json\/wp\/v2\/media?parent=747"}],"wp:term":[{"taxonomy":"category","embeddable":true,"href":"https:\/\/nexus-avocats.ch\/de\/wp-json\/wp\/v2\/categories?post=747"},{"taxonomy":"post_tag","embeddable":true,"href":"https:\/\/nexus-avocats.ch\/de\/wp-json\/wp\/v2\/tags?post=747"}],"curies":[{"name":"wp","href":"https:\/\/api.w.org\/{rel}","templated":true}]}}