{"id":753,"date":"2021-11-01T11:32:00","date_gmt":"2021-11-01T10:32:00","guid":{"rendered":"https:\/\/nexus-avocats.ch\/?p=753"},"modified":"2022-09-28T11:32:19","modified_gmt":"2022-09-28T09:32:19","slug":"aurelie-cornamusaz-active-au-sein-de-lassociation-mod-elle","status":"publish","type":"post","link":"https:\/\/nexus-avocats.ch\/de\/evenements\/aurelie-cornamusaz-active-au-sein-de-lassociation-mod-elle\/","title":{"rendered":"Aur\u00e9lie Cornamusaz active au sein de l\u2019association MOD-ELLE"},"content":{"rendered":"\r\n<p>Un grand BRAVO \u00e0 notre associ\u00e9e Aur\u00e9lie Cornamusaz pour son engagement au sein de l&#8217;association MOD-ELLE (https:\/\/www.mod-elle.ch\/), qui lutte contre les st\u00e9r\u00e9otypes de genre qui influencent (oui, toujours !) les choix de carri\u00e8re des jeunes.<br>&nbsp;<br>MOD-ELLE est une association suisse qui a pour but de lutter contre les st\u00e9r\u00e9otypes de genre qui influencent les aspirations et limitent les choix de carri\u00e8re des jeunes.<br>&nbsp;<br>Depuis sa cr\u00e9ation en 2018, l\u2019association a progressivement constitu\u00e9 un r\u00e9seau d\u2019enseignants, de volontaires, de responsables d\u2019\u00e9tablissements et de partenaires institutionnels anim\u00e9s par cette m\u00eame volont\u00e9 de faire une diff\u00e9rence durable dans le monde du travail en Suisse.<\/p>\r\n","protected":false},"excerpt":{"rendered":"<p>Un grand BRAVO \u00e0 notre associ\u00e9e Aur\u00e9lie Cornamusaz pour son engagement au sein de l&#8217;association MOD-ELLE (https:\/\/www.mod-elle.ch\/), qui lutte contre les st\u00e9r\u00e9otypes de genre qui influencent (oui, toujours !) les choix de carri\u00e8re des jeunes.&nbsp;MOD-ELLE est une association suisse qui a pour but de lutter contre les st\u00e9r\u00e9otypes de genre qui influencent les aspirations et [&hellip;]<\/p>\n","protected":false},"author":1,"featured_media":0,"comment_status":"closed","ping_status":"closed","sticky":false,"template":"","format":"standard","meta":{"_acf_changed":false,"_et_pb_use_builder":"","_et_pb_old_content":"","_et_gb_content_width":"","inline_featured_image":false,"footnotes":""},"categories":[38],"tags":[],"class_list":["post-753","post","type-post","status-publish","format-standard","hentry","category-evenements"],"acf":[],"_links":{"self":[{"href":"https:\/\/nexus-avocats.ch\/de\/wp-json\/wp\/v2\/posts\/753","targetHints":{"allow":["GET"]}}],"collection":[{"href":"https:\/\/nexus-avocats.ch\/de\/wp-json\/wp\/v2\/posts"}],"about":[{"href":"https:\/\/nexus-avocats.ch\/de\/wp-json\/wp\/v2\/types\/post"}],"author":[{"embeddable":true,"href":"https:\/\/nexus-avocats.ch\/de\/wp-json\/wp\/v2\/users\/1"}],"replies":[{"embeddable":true,"href":"https:\/\/nexus-avocats.ch\/de\/wp-json\/wp\/v2\/comments?post=753"}],"version-history":[{"count":0,"href":"https:\/\/nexus-avocats.ch\/de\/wp-json\/wp\/v2\/posts\/753\/revisions"}],"wp:attachment":[{"href":"https:\/\/nexus-avocats.ch\/de\/wp-json\/wp\/v2\/media?parent=753"}],"wp:term":[{"taxonomy":"category","embeddable":true,"href":"https:\/\/nexus-avocats.ch\/de\/wp-json\/wp\/v2\/categories?post=753"},{"taxonomy":"post_tag","embeddable":true,"href":"https:\/\/nexus-avocats.ch\/de\/wp-json\/wp\/v2\/tags?post=753"}],"curies":[{"name":"wp","href":"https:\/\/api.w.org\/{rel}","templated":true}]}}