{"id":755,"date":"2021-03-04T11:33:00","date_gmt":"2021-03-04T10:33:00","guid":{"rendered":"https:\/\/nexus-avocats.ch\/?p=755"},"modified":"2022-08-16T11:34:21","modified_gmt":"2022-08-16T09:34:21","slug":"aurelie-cornamusaz-invitee-de-forum","status":"publish","type":"post","link":"https:\/\/nexus-avocats.ch\/de\/evenements\/aurelie-cornamusaz-invitee-de-forum\/","title":{"rendered":"Aur\u00e9lie Cornamusaz invit\u00e9e de Forum"},"content":{"rendered":"\n<p>Notre associ\u00e9e Aur\u00e9lie Cornamusaz \u00e9tait invit\u00e9e par l&#8217;\u00e9mission Forum pour \u00e9voquer le dispositif de lutte contre le harc\u00e8lement sexuel au sein du barreau vaudois.<br>\u00a0<br>Merci \u00e0 la RTS &#8211; Radio T\u00e9l\u00e9vision Suisse pour la couverture de ce sujet qui nous tient \u00e0 c\u0153ur.<br>\u00a0<br>Pour l&#8217;\u00e9couter, cliquez <a rel=\"noreferrer noopener nofollow\" href=\"https:\/\/www.rts.ch\/play\/tv\/forum\/video\/forum-des-idees-un-projet-vaudois-veut-prevenir-le-harcelement-sexuel-dans-le-milieu-des-avocats?urn=urn:rts:video:12020451.\" target=\"_blank\">sur ce lien<\/a>.<\/p>\n","protected":false},"excerpt":{"rendered":"<p>Notre associ\u00e9e Aur\u00e9lie Cornamusaz \u00e9tait invit\u00e9e par l&#8217;\u00e9mission Forum pour \u00e9voquer le dispositif de lutte contre le harc\u00e8lement sexuel au sein du barreau vaudois.\u00a0Merci \u00e0 la RTS &#8211; Radio T\u00e9l\u00e9vision Suisse pour la couverture de ce sujet qui nous tient \u00e0 c\u0153ur.\u00a0Pour l&#8217;\u00e9couter, cliquez sur ce lien.<\/p>\n","protected":false},"author":1,"featured_media":0,"comment_status":"open","ping_status":"closed","sticky":false,"template":"","format":"standard","meta":{"_acf_changed":false,"_et_pb_use_builder":"","_et_pb_old_content":"","_et_gb_content_width":"","inline_featured_image":false,"footnotes":""},"categories":[38],"tags":[],"class_list":["post-755","post","type-post","status-publish","format-standard","hentry","category-evenements"],"acf":[],"_links":{"self":[{"href":"https:\/\/nexus-avocats.ch\/de\/wp-json\/wp\/v2\/posts\/755","targetHints":{"allow":["GET"]}}],"collection":[{"href":"https:\/\/nexus-avocats.ch\/de\/wp-json\/wp\/v2\/posts"}],"about":[{"href":"https:\/\/nexus-avocats.ch\/de\/wp-json\/wp\/v2\/types\/post"}],"author":[{"embeddable":true,"href":"https:\/\/nexus-avocats.ch\/de\/wp-json\/wp\/v2\/users\/1"}],"replies":[{"embeddable":true,"href":"https:\/\/nexus-avocats.ch\/de\/wp-json\/wp\/v2\/comments?post=755"}],"version-history":[{"count":0,"href":"https:\/\/nexus-avocats.ch\/de\/wp-json\/wp\/v2\/posts\/755\/revisions"}],"wp:attachment":[{"href":"https:\/\/nexus-avocats.ch\/de\/wp-json\/wp\/v2\/media?parent=755"}],"wp:term":[{"taxonomy":"category","embeddable":true,"href":"https:\/\/nexus-avocats.ch\/de\/wp-json\/wp\/v2\/categories?post=755"},{"taxonomy":"post_tag","embeddable":true,"href":"https:\/\/nexus-avocats.ch\/de\/wp-json\/wp\/v2\/tags?post=755"}],"curies":[{"name":"wp","href":"https:\/\/api.w.org\/{rel}","templated":true}]}}