{"id":759,"date":"2020-10-01T11:35:00","date_gmt":"2020-10-01T09:35:00","guid":{"rendered":"https:\/\/nexus-avocats.ch\/?p=759"},"modified":"2022-08-24T18:37:26","modified_gmt":"2022-08-24T16:37:26","slug":"publication-dans-le-commentaire-du-nouveau-droit-des-marches-publics","status":"publish","type":"post","link":"https:\/\/nexus-avocats.ch\/de\/publications\/publication-dans-le-commentaire-du-nouveau-droit-des-marches-publics\/","title":{"rendered":"Publication dans le commentaire du nouveau droit des march\u00e9s publics"},"content":{"rendered":"\n<p>Notre associ\u00e9 Th\u00e9o Meylan a la chance de publier dans le commentaire du nouveau droit des march\u00e9s publics (<a rel=\"noreferrer noopener nofollow\" href=\"https:\/\/www.schulthess.com\/buchshop\/detail\/ISBN-9783725580323\/Trueeb-Hans-Rudolf-Hrsg.\/Handkommentar-zum-Schweizerischen-Beschaffungsrecht?utm_source=Linkedin&amp;utm_medium=Post&amp;utm_campaign=8032-3\" target=\"_blank\">disponible ici<\/a>)<br>\u00a0<br>Th\u00e9o Meylan y a contribu\u00e9 par le commentaire de l&#8217;art. 6 de la loi r\u00e9vis\u00e9e, qui traite de l&#8217;admission des soumissionnaires suisses et \u00e9trangers. Vous y trouverez notamment un point de situation sur les engagements internationaux de la Suisse, notamment sous l&#8217;angle de l&#8217;AMP 2012 et des accords bilat\u00e9raux avec l&#8217;Union europ\u00e9enne, ainsi qu&#8217;un commentaire des m\u00e9canismes applicables aux march\u00e9s non soumis aux accords internationaux.<\/p>\n","protected":false},"excerpt":{"rendered":"<p>Notre associ\u00e9 Th\u00e9o Meylan a la chance de publier dans le commentaire du nouveau droit des march\u00e9s publics (disponible ici)\u00a0Th\u00e9o Meylan y a contribu\u00e9 par le commentaire de l&#8217;art. 6 de la loi r\u00e9vis\u00e9e, qui traite de l&#8217;admission des soumissionnaires suisses et \u00e9trangers. Vous y trouverez notamment un point de situation sur les engagements internationaux [&hellip;]<\/p>\n","protected":false},"author":1,"featured_media":0,"comment_status":"open","ping_status":"closed","sticky":false,"template":"","format":"standard","meta":{"_acf_changed":false,"_et_pb_use_builder":"","_et_pb_old_content":"","_et_gb_content_width":"","inline_featured_image":false,"footnotes":""},"categories":[55],"tags":[],"class_list":["post-759","post","type-post","status-publish","format-standard","hentry","category-publications"],"acf":[],"_links":{"self":[{"href":"https:\/\/nexus-avocats.ch\/de\/wp-json\/wp\/v2\/posts\/759","targetHints":{"allow":["GET"]}}],"collection":[{"href":"https:\/\/nexus-avocats.ch\/de\/wp-json\/wp\/v2\/posts"}],"about":[{"href":"https:\/\/nexus-avocats.ch\/de\/wp-json\/wp\/v2\/types\/post"}],"author":[{"embeddable":true,"href":"https:\/\/nexus-avocats.ch\/de\/wp-json\/wp\/v2\/users\/1"}],"replies":[{"embeddable":true,"href":"https:\/\/nexus-avocats.ch\/de\/wp-json\/wp\/v2\/comments?post=759"}],"version-history":[{"count":0,"href":"https:\/\/nexus-avocats.ch\/de\/wp-json\/wp\/v2\/posts\/759\/revisions"}],"wp:attachment":[{"href":"https:\/\/nexus-avocats.ch\/de\/wp-json\/wp\/v2\/media?parent=759"}],"wp:term":[{"taxonomy":"category","embeddable":true,"href":"https:\/\/nexus-avocats.ch\/de\/wp-json\/wp\/v2\/categories?post=759"},{"taxonomy":"post_tag","embeddable":true,"href":"https:\/\/nexus-avocats.ch\/de\/wp-json\/wp\/v2\/tags?post=759"}],"curies":[{"name":"wp","href":"https:\/\/api.w.org\/{rel}","templated":true}]}}