{"id":1326,"date":"2022-01-01T10:32:00","date_gmt":"2022-01-01T09:32:00","guid":{"rendered":"https:\/\/nexus-avocats.ch\/?p=1326"},"modified":"2022-08-30T10:34:43","modified_gmt":"2022-08-30T08:34:43","slug":"deals-cases-2021","status":"publish","type":"post","link":"https:\/\/nexus-avocats.ch\/en\/deals-and-cases\/deals-cases-2021\/","title":{"rendered":"Deals &#038; Cases 2021"},"content":{"rendered":"<h2>Aur\u00e9lie Cornamusaz<\/h2>\n<ul>\n<li>Accompagnement d\u2019une soci\u00e9t\u00e9 dans le lancement de ses services de mise en relation entre des familles et des mamans de jour.<\/li>\n<li>D\u00e9fense d\u2019un p\u00e8re de famille en pleine s\u00e9paration et \u00e0 qui son \u00e9pouse refuse la possibilit\u00e9 de voir leur enfant.<\/li>\n<li>Repr\u00e9sentation d\u2019un \u00e9poux dans le cadre d\u2019un divorce \u00e0 l\u2019amiable, malgr\u00e9 un haut conflit conjugal.<\/li>\n<\/ul>\n<h2>Th\u00e9o Meylan<\/h2>\n<ul>\n<li>Assistance \u00e0 un propri\u00e9taire foncier s\u2019agissant de la participation \u00e0 un projet d\u2019infrastructure d\u2019importance r\u00e9gionale.<\/li>\n<li>D\u00e9fense et acquittement d\u2019un pr\u00e9venu clamant son innocence dans une affaire complexe.<\/li>\n<li>D\u00e9fense d\u2019un acteur institutionnel dans une affaire de droit du travail sensible.<\/li>\n<\/ul>\n<h2>Nicolas F. Krauer<\/h2>\n<ul>\n<li>Assistance d\u2019une soci\u00e9t\u00e9 active dans le biom\u00e9dical dans le cadre d\u2019un tour d\u2019investissement avec la participation d\u2019un fonds d\u2019investissement.<\/li>\n<li>Restructuration d\u2019un groupe de soci\u00e9t\u00e9s d\u2019envergure internationale impliquant notamment des liquidations d\u2019entit\u00e9s et des cessions d\u2019actifs entre soci\u00e9t\u00e9s.<\/li>\n<li>Assistance \u00e0 une structure internationale dans le cadre d\u2019un plan de licenciement collectif.<\/li>\n<li>Assistance dans le cadre de la cr\u00e9ation d\u2019une structure de g\u00e9rance de fortune priv\u00e9e.<\/li>\n<\/ul>\n","protected":false},"excerpt":{"rendered":"<p>Aur\u00e9lie Cornamusaz Accompagnement d\u2019une soci\u00e9t\u00e9 dans le lancement de ses services de mise en relation entre des familles et des mamans de jour. D\u00e9fense d\u2019un p\u00e8re de famille en pleine s\u00e9paration et \u00e0 qui son \u00e9pouse refuse la possibilit\u00e9 de voir leur enfant. Repr\u00e9sentation d\u2019un \u00e9poux dans le cadre d\u2019un divorce \u00e0 l\u2019amiable, malgr\u00e9 un [&hellip;]<\/p>\n","protected":false},"author":1,"featured_media":0,"comment_status":"closed","ping_status":"closed","sticky":false,"template":"","format":"standard","meta":{"_acf_changed":false,"_et_pb_use_builder":"","_et_pb_old_content":"","_et_gb_content_width":"","inline_featured_image":false,"footnotes":""},"categories":[37],"tags":[],"class_list":["post-1326","post","type-post","status-publish","format-standard","hentry","category-deals-and-cases"],"acf":[],"_links":{"self":[{"href":"https:\/\/nexus-avocats.ch\/en\/wp-json\/wp\/v2\/posts\/1326","targetHints":{"allow":["GET"]}}],"collection":[{"href":"https:\/\/nexus-avocats.ch\/en\/wp-json\/wp\/v2\/posts"}],"about":[{"href":"https:\/\/nexus-avocats.ch\/en\/wp-json\/wp\/v2\/types\/post"}],"author":[{"embeddable":true,"href":"https:\/\/nexus-avocats.ch\/en\/wp-json\/wp\/v2\/users\/1"}],"replies":[{"embeddable":true,"href":"https:\/\/nexus-avocats.ch\/en\/wp-json\/wp\/v2\/comments?post=1326"}],"version-history":[{"count":0,"href":"https:\/\/nexus-avocats.ch\/en\/wp-json\/wp\/v2\/posts\/1326\/revisions"}],"wp:attachment":[{"href":"https:\/\/nexus-avocats.ch\/en\/wp-json\/wp\/v2\/media?parent=1326"}],"wp:term":[{"taxonomy":"category","embeddable":true,"href":"https:\/\/nexus-avocats.ch\/en\/wp-json\/wp\/v2\/categories?post=1326"},{"taxonomy":"post_tag","embeddable":true,"href":"https:\/\/nexus-avocats.ch\/en\/wp-json\/wp\/v2\/tags?post=1326"}],"curies":[{"name":"wp","href":"https:\/\/api.w.org\/{rel}","templated":true}]}}