{"id":1911,"date":"2022-11-22T20:57:26","date_gmt":"2022-11-22T19:57:26","guid":{"rendered":"https:\/\/nexus-avocats.ch\/?p=1911"},"modified":"2023-01-27T21:12:44","modified_gmt":"2023-01-27T20:12:44","slug":"bref-explicatif-du-decret-vaudois-sur-leclairage-non-essentiel","status":"publish","type":"post","link":"https:\/\/nexus-avocats.ch\/en\/publications\/bref-explicatif-du-decret-vaudois-sur-leclairage-non-essentiel\/","title":{"rendered":"Bref explicatif du d\u00e9cret vaudois sur l&#8217;\u00e9clairage non-essentiel"},"content":{"rendered":"<p><img loading=\"lazy\" decoding=\"async\" class=\" wp-image-1934\" title=\"light bulb gce80351fa 1920\" src=\"https:\/\/nexus-avocats.ch\/wp-content\/uploads\/2022\/11\/light-bulb-gce80351fa_1920.jpg\" alt=\"light bulb gce80351fa 1920\" width=\"930\" height=\"620\" \/><\/p>\n<h2 class=\"reader-text-block__heading1\">De quoi parle-t-on ?<\/h2>\n<p class=\"reader-text-block__paragraph\">Le 1er novembre 2022, le Grand Conseil vaudois a adopt\u00e9 le D\u00e9cret visant \u00e0 diminuer la consommation d&#8217;\u00e9lectricit\u00e9 li\u00e9e \u00e0 l&#8217;\u00e9clairage des b\u00e2timents non r\u00e9sidentiels et des enseignes lumineuses, consultable\u00a0<a href=\"https:\/\/prestations.vd.ch\/pub\/blv-publication\/actes\/consolide\/730.00.011122.1?key=1669105567022&amp;id=f5daeb0b-d5c5-476d-ac4f-68037c511d3d\" rel=\"nofollow noopener\" target=\"_blank\">ici<\/a>.<\/p>\n<p class=\"reader-text-block__paragraph\">Pass\u00e9 largement inaper\u00e7u, ce d\u00e9cret oblige pourtant les entreprises \u00e0 revoir leurs politiques d&#8217;\u00e9clairage et \u00e0 l&#8217;adapter imm\u00e9diatement pour ne pas s&#8217;exposer \u00e0 des amendes ou \u00e0 un risque r\u00e9putationnel. Les particuliers peuvent \u00e9galement \u00eatre concern\u00e9s s&#8217;agissant des illuminations de No\u00ebl.<\/p>\n<h2 class=\"reader-text-block__heading1\">Quelles obligations ?<\/h2>\n<p class=\"reader-text-block__paragraph\">Pour faire simple, il existe deux obligations :<\/p>\n<ol>\n<li><strong>R\u00e9gime pour l&#8217;\u00e9clairage &#8220;ordinaire&#8221;<\/strong>\u00a0(\u00e0 savoir l&#8217;\u00e9clairage int\u00e9rieur et ext\u00e9rieur des b\u00e2timents non r\u00e9sidentiels, les vitrines de commerces ou d&#8217;expositions et les enseignes et autres proc\u00e9d\u00e9s de r\u00e9clame lumineux) :\u00a0<strong>extinction obligatoire 1 heure apr\u00e8s la fermeture (ou fin d&#8217;activit\u00e9) et jusqu&#8217;\u00e0 1 heure avant l&#8217;ouverture (ou reprise d&#8217;activit\u00e9)<\/strong>. Ce r\u00e9gime ne s&#8217;applique pas aux b\u00e2timents r\u00e9sidentiels.<\/li>\n<li><strong>R\u00e9gime sp\u00e9cial pour les illuminations ext\u00e9rieures de No\u00ebl : extinction obligatoire entre 23h00 et 6h00, except\u00e9 les nuits du 23 d\u00e9cembre au 2 janvier.<\/strong><\/li>\n<\/ol>\n<p class=\"reader-text-block__paragraph\">Dans les deux cas, les Communes peuvent pr\u00e9voir des r\u00e9gimes plus restrictifs.<\/p>\n<h2 class=\"reader-text-block__heading1\">Et pour les particuliers ?<\/h2>\n<p class=\"reader-text-block__paragraph\">Le d\u00e9cret ne contient pas d&#8217;obligations pour les b\u00e2timents r\u00e9sidentiels, de sorte qu&#8217;il n&#8217;affecte pas les particuliers \u00e0 cet \u00e9gard.<\/p>\n<p class=\"reader-text-block__paragraph\">En revanche, la r\u00e9glementation relative aux illuminations ext\u00e9rieures de No\u00ebl ne fait pas de distinction entre b\u00e2timents r\u00e9sidentiels ou non ; il semble donc que\u00a0<strong>cette r\u00e8glementation sp\u00e9cifique s&#8217;applique \u00e9galement aux particuliers<\/strong>.<\/p>\n<h2 class=\"reader-text-block__heading1\">Risques et sanctions<\/h2>\n<p class=\"reader-text-block__paragraph\">Les contrevenants sont passibles d&#8217;une amende pouvant s&#8217;\u00e9lever \u00e0 CHF 5&#8217;000.-, mais seulement apr\u00e8s avertissement. En pratique, on peut imaginer que les cas d&#8217;avertissements qui ne seraient pas suivis d&#8217;effets seront rares.<\/p>\n<p class=\"reader-text-block__paragraph\">Pour les entreprises en particulier, il faut toutefois \u00e9galement tenir compte du risque r\u00e9putationnel \u00e0 ne pas respecter ces obligations. Les m\u00e9dias pourraient bien attirer l&#8217;attention du public sur les enseignes qui ne respecteraient pas la r\u00e8glementation cantonale.<\/p>\n<h2 class=\"reader-text-block__heading1\">Entr\u00e9e en vigueur et dur\u00e9e<\/h2>\n<p class=\"reader-text-block__paragraph\">Le d\u00e9cret est entr\u00e9 en vigueur le 2 novembre 2022 et doit durer jusqu&#8217;au 30 avril 2023.<\/p>\n<p class=\"reader-text-block__paragraph\">Les autorit\u00e9s cantonales ont\u00a0<a href=\"https:\/\/www.vd.ch\/toutes-les-actualites\/communiques-de-presse\/detail\/communique\/entree-en-vigueur-de-la-limitation-de-leclairage-non-essentiel-1668675823\/\" rel=\"nofollow noopener\" target=\"_blank\">annonc\u00e9<\/a>\u00a0avoir l&#8217;intention de se consacrer \u00e0 la sensibilisation jusqu&#8217;\u00e0 fin novembre. D\u00e8s d\u00e9but d\u00e9cembre, il faut toutefois s&#8217;attendre \u00e0 ce que des sanctions puissent \u00eatre prises.<\/p>\n<p class=\"reader-text-block__paragraph\"><em>***<\/em><\/p>\n<p class=\"reader-text-block__paragraph\"><em>(cet article ne repr\u00e9sente pas un conseil juridique)<\/em><\/p>\n","protected":false},"excerpt":{"rendered":"<p>De quoi parle-t-on ? Le 1er novembre 2022, le Grand Conseil vaudois a adopt\u00e9 le D\u00e9cret visant \u00e0 diminuer la consommation d&#8217;\u00e9lectricit\u00e9 li\u00e9e \u00e0 l&#8217;\u00e9clairage des b\u00e2timents non r\u00e9sidentiels et des enseignes lumineuses, consultable\u00a0ici. Pass\u00e9 largement inaper\u00e7u, ce d\u00e9cret oblige pourtant les entreprises \u00e0 revoir leurs politiques d&#8217;\u00e9clairage et \u00e0 l&#8217;adapter imm\u00e9diatement pour ne pas [&hellip;]<\/p>\n","protected":false},"author":2,"featured_media":0,"comment_status":"closed","ping_status":"closed","sticky":false,"template":"","format":"standard","meta":{"_acf_changed":false,"_et_pb_use_builder":"","_et_pb_old_content":"","_et_gb_content_width":"","inline_featured_image":false,"footnotes":""},"categories":[55],"tags":[],"class_list":["post-1911","post","type-post","status-publish","format-standard","hentry","category-publications"],"acf":[],"_links":{"self":[{"href":"https:\/\/nexus-avocats.ch\/en\/wp-json\/wp\/v2\/posts\/1911","targetHints":{"allow":["GET"]}}],"collection":[{"href":"https:\/\/nexus-avocats.ch\/en\/wp-json\/wp\/v2\/posts"}],"about":[{"href":"https:\/\/nexus-avocats.ch\/en\/wp-json\/wp\/v2\/types\/post"}],"author":[{"embeddable":true,"href":"https:\/\/nexus-avocats.ch\/en\/wp-json\/wp\/v2\/users\/2"}],"replies":[{"embeddable":true,"href":"https:\/\/nexus-avocats.ch\/en\/wp-json\/wp\/v2\/comments?post=1911"}],"version-history":[{"count":0,"href":"https:\/\/nexus-avocats.ch\/en\/wp-json\/wp\/v2\/posts\/1911\/revisions"}],"wp:attachment":[{"href":"https:\/\/nexus-avocats.ch\/en\/wp-json\/wp\/v2\/media?parent=1911"}],"wp:term":[{"taxonomy":"category","embeddable":true,"href":"https:\/\/nexus-avocats.ch\/en\/wp-json\/wp\/v2\/categories?post=1911"},{"taxonomy":"post_tag","embeddable":true,"href":"https:\/\/nexus-avocats.ch\/en\/wp-json\/wp\/v2\/tags?post=1911"}],"curies":[{"name":"wp","href":"https:\/\/api.w.org\/{rel}","templated":true}]}}