{"id":1920,"date":"2022-09-01T21:04:17","date_gmt":"2022-09-01T19:04:17","guid":{"rendered":"https:\/\/nexus-avocats.ch\/?p=1920"},"modified":"2023-01-27T21:11:57","modified_gmt":"2023-01-27T20:11:57","slug":"une-nouvelle-etape-dans-le-developpement-de-nexus-avocats","status":"publish","type":"post","link":"https:\/\/nexus-avocats.ch\/en\/evenements\/une-nouvelle-etape-dans-le-developpement-de-nexus-avocats\/","title":{"rendered":"Une nouvelle \u00e9tape dans le d\u00e9veloppement de NEXUS Avocats"},"content":{"rendered":"<p><img loading=\"lazy\" decoding=\"async\" class=\"size-full wp-image-1926\" title=\"NEX RS IG 1\" src=\"https:\/\/nexus-avocats.ch\/wp-content\/uploads\/2022\/09\/NEX-RS-IG-1.png\" alt=\"NEX RS IG 1\" width=\"1080\" height=\"1080\" srcset=\"https:\/\/nexus-avocats.ch\/wp-content\/uploads\/2022\/09\/NEX-RS-IG-1.png 1080w, https:\/\/nexus-avocats.ch\/wp-content\/uploads\/2022\/09\/NEX-RS-IG-1-980x980.png 980w, https:\/\/nexus-avocats.ch\/wp-content\/uploads\/2022\/09\/NEX-RS-IG-1-480x480.png 480w\" sizes=\"(min-width: 0px) and (max-width: 480px) 480px, (min-width: 481px) and (max-width: 980px) 980px, (min-width: 981px) 1080px, 100vw\" \/><\/p>\n<p>NEXUS Avocats a le plaisir de vous informer que ses secteurs corporate\/M&amp;A et client\u00e8le priv\u00e9e sont renforc\u00e9s par la venue de deux nouveaux associ\u00e9s exp\u00e9riment\u00e9s.<\/p>\n<p>&#8211; Me\u00a0<a href=\"https:\/\/nexus-avocats.ch\/avocats\/marina-henriod\/\" target=\"_blank\" rel=\"noopener\">Marina Henriod<\/a>,qui se sp\u00e9cialise dans le droit des soci\u00e9t\u00e9s, les transactions commerciales et le droit contractuel, tout en disposant \u00e9galement d\u2019une riche exp\u00e9rience en mati\u00e8re de client\u00e8le priv\u00e9e, russophone notamment.<\/p>\n<p>&#8211; Me\u00a0<a href=\"https:\/\/nexus-avocats.ch\/avocats\/gregoire-henriod\/\" target=\"_blank\" rel=\"noopener\">Gr\u00e9goire Henriod<\/a>, qui conseille principalement ses clients en mati\u00e8re de fusions, d\u2019acquisitions, de financements et de restructuration d\u2019entreprises.<\/p>\n<p>NEXUS Avocats \u2013 Des conseils qui font la diff\u00e9rence.<\/p>\n","protected":false},"excerpt":{"rendered":"<p>NEXUS Avocats a le plaisir de vous informer que ses secteurs corporate\/M&amp;A et client\u00e8le priv\u00e9e sont renforc\u00e9s par la venue de deux nouveaux associ\u00e9s exp\u00e9riment\u00e9s. &#8211; Me\u00a0Marina Henriod,qui se sp\u00e9cialise dans le droit des soci\u00e9t\u00e9s, les transactions commerciales et le droit contractuel, tout en disposant \u00e9galement d\u2019une riche exp\u00e9rience en mati\u00e8re de client\u00e8le priv\u00e9e, russophone [&hellip;]<\/p>\n","protected":false},"author":2,"featured_media":0,"comment_status":"closed","ping_status":"closed","sticky":false,"template":"","format":"standard","meta":{"_acf_changed":false,"_et_pb_use_builder":"","_et_pb_old_content":"","_et_gb_content_width":"","inline_featured_image":false,"footnotes":""},"categories":[38],"tags":[],"class_list":["post-1920","post","type-post","status-publish","format-standard","hentry","category-evenements"],"acf":[],"_links":{"self":[{"href":"https:\/\/nexus-avocats.ch\/en\/wp-json\/wp\/v2\/posts\/1920","targetHints":{"allow":["GET"]}}],"collection":[{"href":"https:\/\/nexus-avocats.ch\/en\/wp-json\/wp\/v2\/posts"}],"about":[{"href":"https:\/\/nexus-avocats.ch\/en\/wp-json\/wp\/v2\/types\/post"}],"author":[{"embeddable":true,"href":"https:\/\/nexus-avocats.ch\/en\/wp-json\/wp\/v2\/users\/2"}],"replies":[{"embeddable":true,"href":"https:\/\/nexus-avocats.ch\/en\/wp-json\/wp\/v2\/comments?post=1920"}],"version-history":[{"count":0,"href":"https:\/\/nexus-avocats.ch\/en\/wp-json\/wp\/v2\/posts\/1920\/revisions"}],"wp:attachment":[{"href":"https:\/\/nexus-avocats.ch\/en\/wp-json\/wp\/v2\/media?parent=1920"}],"wp:term":[{"taxonomy":"category","embeddable":true,"href":"https:\/\/nexus-avocats.ch\/en\/wp-json\/wp\/v2\/categories?post=1920"},{"taxonomy":"post_tag","embeddable":true,"href":"https:\/\/nexus-avocats.ch\/en\/wp-json\/wp\/v2\/tags?post=1920"}],"curies":[{"name":"wp","href":"https:\/\/api.w.org\/{rel}","templated":true}]}}