{"id":2204,"date":"2023-10-01T13:20:40","date_gmt":"2023-10-01T11:20:40","guid":{"rendered":"https:\/\/nexus-avocats.ch\/uncategorized\/theo-bruhlmann-appointed-as-a-new-partner-of-the-firm\/"},"modified":"2023-10-01T13:20:40","modified_gmt":"2023-10-01T11:20:40","slug":"theo-bruhlmann-appointed-as-a-new-partner-of-the-firm","status":"publish","type":"post","link":"https:\/\/nexus-avocats.ch\/en\/events\/theo-bruhlmann-appointed-as-a-new-partner-of-the-firm\/","title":{"rendered":"Th\u00e9o Br\u00fchlmann appointed as a new partner of the firm"},"content":{"rendered":"<p>We are pleased to announce the appointment of Th\u00e9o Br\u00fchlmann as a new partner of the firm.<\/p>\n<p>Th\u00e9o advises and represents the interests of Swiss and international clients in particularly complex civil and criminal legal proceedings. His practice areas further include contract law, commercial law, criminal law and sports law.<\/p>\n<p>In addition to his activities as an attorney at law, Th\u00e9o Br\u00fchlmann serves as vice-president of the District Court of La C\u00f4te where he presides over the criminal court.<\/p>\n<p><img loading=\"lazy\" decoding=\"async\" class=\" wp-image-2199\" title=\"Theo Bruhlmann\" src=\"https:\/\/nexus-avocats.ch\/wp-content\/uploads\/2023\/10\/Theo-Bruhlmann-1.png\" alt=\"Theo Bruhlmann\" width=\"387\" height=\"484\"><\/p>\n","protected":false},"excerpt":{"rendered":"<p>We are pleased to announce the appointment of Th\u00e9o Br\u00fchlmann as a new partner of the firm. Th\u00e9o advises and represents the interests of Swiss and international clients in particularly complex civil and criminal legal proceedings. His practice areas further include contract law, commercial law, criminal law and sports law. In addition to his activities [&hellip;]<\/p>\n","protected":false},"author":2,"featured_media":0,"comment_status":"closed","ping_status":"closed","sticky":false,"template":"","format":"standard","meta":{"_acf_changed":false,"_et_pb_use_builder":"","_et_pb_old_content":"","_et_gb_content_width":"","inline_featured_image":false,"footnotes":""},"categories":[93],"tags":[],"class_list":["post-2204","post","type-post","status-publish","format-standard","hentry","category-events"],"acf":[],"_links":{"self":[{"href":"https:\/\/nexus-avocats.ch\/en\/wp-json\/wp\/v2\/posts\/2204","targetHints":{"allow":["GET"]}}],"collection":[{"href":"https:\/\/nexus-avocats.ch\/en\/wp-json\/wp\/v2\/posts"}],"about":[{"href":"https:\/\/nexus-avocats.ch\/en\/wp-json\/wp\/v2\/types\/post"}],"author":[{"embeddable":true,"href":"https:\/\/nexus-avocats.ch\/en\/wp-json\/wp\/v2\/users\/2"}],"replies":[{"embeddable":true,"href":"https:\/\/nexus-avocats.ch\/en\/wp-json\/wp\/v2\/comments?post=2204"}],"version-history":[{"count":0,"href":"https:\/\/nexus-avocats.ch\/en\/wp-json\/wp\/v2\/posts\/2204\/revisions"}],"wp:attachment":[{"href":"https:\/\/nexus-avocats.ch\/en\/wp-json\/wp\/v2\/media?parent=2204"}],"wp:term":[{"taxonomy":"category","embeddable":true,"href":"https:\/\/nexus-avocats.ch\/en\/wp-json\/wp\/v2\/categories?post=2204"},{"taxonomy":"post_tag","embeddable":true,"href":"https:\/\/nexus-avocats.ch\/en\/wp-json\/wp\/v2\/tags?post=2204"}],"curies":[{"name":"wp","href":"https:\/\/api.w.org\/{rel}","templated":true}]}}