{"id":2762,"date":"2026-01-01T18:41:32","date_gmt":"2026-01-01T17:41:32","guid":{"rendered":"https:\/\/nexus-avocats.ch\/?p=2762"},"modified":"2026-01-16T20:23:26","modified_gmt":"2026-01-16T19:23:26","slug":"simon-demierre-rejoint-nexus-en-qualite-dassocie","status":"publish","type":"post","link":"https:\/\/nexus-avocats.ch\/en\/evenements\/simon-demierre-rejoint-nexus-en-qualite-dassocie\/","title":{"rendered":"Simon Demierre rejoint NEXUS en qualit\u00e9 d\u2019associ\u00e9"},"content":{"rendered":"<p>Nous avons le plaisir d&#8217;annoncer l&#8217;arriv\u00e9e de Simon Demierre en tant que nouvel associ\u00e9 de l&#8217;\u00e9tude d\u00e8s le 1er janvier 2026.<\/p>\n<p>Simon Demierre conseille et accompagne principalement des entreprises suisses et internationales, en particulier leurs directions et d\u00e9partements des ressources humaines, dans l\u2019ensemble des questions li\u00e9es au droit du travail. Il assiste \u00e9galement ses clients dans d\u2019autres domaines contractuels, comme en droit p\u00e9nal.<\/p>\n","protected":false},"excerpt":{"rendered":"<p>Nous avons le plaisir d&#8217;annoncer l&#8217;arriv\u00e9e de Simon Demierre en tant que nouvel associ\u00e9 de l&#8217;\u00e9tude d\u00e8s le 1er janvier 2026. Simon Demierre conseille et accompagne principalement des entreprises suisses et internationales, en particulier leurs directions et d\u00e9partements des ressources humaines, dans l\u2019ensemble des questions li\u00e9es au droit du travail. Il assiste \u00e9galement ses clients [&hellip;]<\/p>\n","protected":false},"author":2,"featured_media":0,"comment_status":"closed","ping_status":"closed","sticky":false,"template":"","format":"standard","meta":{"_acf_changed":false,"_et_pb_use_builder":"","_et_pb_old_content":"","_et_gb_content_width":"","inline_featured_image":false,"footnotes":""},"categories":[38],"tags":[],"class_list":["post-2762","post","type-post","status-publish","format-standard","hentry","category-evenements"],"acf":[],"_links":{"self":[{"href":"https:\/\/nexus-avocats.ch\/en\/wp-json\/wp\/v2\/posts\/2762","targetHints":{"allow":["GET"]}}],"collection":[{"href":"https:\/\/nexus-avocats.ch\/en\/wp-json\/wp\/v2\/posts"}],"about":[{"href":"https:\/\/nexus-avocats.ch\/en\/wp-json\/wp\/v2\/types\/post"}],"author":[{"embeddable":true,"href":"https:\/\/nexus-avocats.ch\/en\/wp-json\/wp\/v2\/users\/2"}],"replies":[{"embeddable":true,"href":"https:\/\/nexus-avocats.ch\/en\/wp-json\/wp\/v2\/comments?post=2762"}],"version-history":[{"count":4,"href":"https:\/\/nexus-avocats.ch\/en\/wp-json\/wp\/v2\/posts\/2762\/revisions"}],"predecessor-version":[{"id":2767,"href":"https:\/\/nexus-avocats.ch\/en\/wp-json\/wp\/v2\/posts\/2762\/revisions\/2767"}],"wp:attachment":[{"href":"https:\/\/nexus-avocats.ch\/en\/wp-json\/wp\/v2\/media?parent=2762"}],"wp:term":[{"taxonomy":"category","embeddable":true,"href":"https:\/\/nexus-avocats.ch\/en\/wp-json\/wp\/v2\/categories?post=2762"},{"taxonomy":"post_tag","embeddable":true,"href":"https:\/\/nexus-avocats.ch\/en\/wp-json\/wp\/v2\/tags?post=2762"}],"curies":[{"name":"wp","href":"https:\/\/api.w.org\/{rel}","templated":true}]}}