{"id":743,"date":"2022-04-09T11:28:00","date_gmt":"2022-04-09T09:28:00","guid":{"rendered":"https:\/\/nexus-avocats.ch\/?p=743"},"modified":"2022-08-16T11:29:36","modified_gmt":"2022-08-16T09:29:36","slug":"conference-au-congres-des-jeunes-medecins-de-famille-suisses","status":"publish","type":"post","link":"https:\/\/nexus-avocats.ch\/en\/evenements\/conference-au-congres-des-jeunes-medecins-de-famille-suisses\/","title":{"rendered":"Conf\u00e9rence au Congr\u00e8s des Jeunes m\u00e9decins de famille suisses"},"content":{"rendered":"\n<p>&nbsp;<br>Th\u00e9o Meylan a eu le plaisir de donner, avec Fanette Sardet, une conf\u00e9rence consacr\u00e9e notamment au secret m\u00e9dical et aux certificats d\u00e9livr\u00e9s par les m\u00e9decins lors du Congr\u00e8s des Jeunes m\u00e9decins de famille suisses, le 9 avril \u00e0 Berne.<br>&nbsp;<br>Chaque ann\u00e9e, le Congr\u00e8s des Jeunes m\u00e9decins de famille suisses (https:\/\/www.jhas2023.ch\/) r\u00e9unit les jeunes m\u00e9decins de famille suisses et p\u00e9diatres au d\u00e9but de leur carri\u00e8re professionnelle, les m\u00e9decins assistant-es et les \u00e9tudiants et \u00e9tudiantes en m\u00e9decine souhaitant s\u2019orienter vers la m\u00e9decine de premier recours. C&#8217;est l&#8217;occasion de rencontrer d&#8217;autres jeunes m\u00e9decins venus des quatre coins de Suisse, de suivre des s\u00e9minaires et des ateliers abordant des probl\u00e9matiques de m\u00e9decine g\u00e9n\u00e9rale ancr\u00e9e dans la pratique actuelle, et de s\u2019informer de l\u2019\u00e9tat actuel de la formation continue.<\/p>\n","protected":false},"excerpt":{"rendered":"<p>&nbsp;Th\u00e9o Meylan a eu le plaisir de donner, avec Fanette Sardet, une conf\u00e9rence consacr\u00e9e notamment au secret m\u00e9dical et aux certificats d\u00e9livr\u00e9s par les m\u00e9decins lors du Congr\u00e8s des Jeunes m\u00e9decins de famille suisses, le 9 avril \u00e0 Berne.&nbsp;Chaque ann\u00e9e, le Congr\u00e8s des Jeunes m\u00e9decins de famille suisses (https:\/\/www.jhas2023.ch\/) r\u00e9unit les jeunes m\u00e9decins de famille [&hellip;]<\/p>\n","protected":false},"author":1,"featured_media":0,"comment_status":"open","ping_status":"closed","sticky":false,"template":"","format":"standard","meta":{"_acf_changed":false,"_et_pb_use_builder":"","_et_pb_old_content":"","_et_gb_content_width":"","inline_featured_image":false,"footnotes":""},"categories":[38],"tags":[],"class_list":["post-743","post","type-post","status-publish","format-standard","hentry","category-evenements"],"acf":[],"_links":{"self":[{"href":"https:\/\/nexus-avocats.ch\/en\/wp-json\/wp\/v2\/posts\/743","targetHints":{"allow":["GET"]}}],"collection":[{"href":"https:\/\/nexus-avocats.ch\/en\/wp-json\/wp\/v2\/posts"}],"about":[{"href":"https:\/\/nexus-avocats.ch\/en\/wp-json\/wp\/v2\/types\/post"}],"author":[{"embeddable":true,"href":"https:\/\/nexus-avocats.ch\/en\/wp-json\/wp\/v2\/users\/1"}],"replies":[{"embeddable":true,"href":"https:\/\/nexus-avocats.ch\/en\/wp-json\/wp\/v2\/comments?post=743"}],"version-history":[{"count":0,"href":"https:\/\/nexus-avocats.ch\/en\/wp-json\/wp\/v2\/posts\/743\/revisions"}],"wp:attachment":[{"href":"https:\/\/nexus-avocats.ch\/en\/wp-json\/wp\/v2\/media?parent=743"}],"wp:term":[{"taxonomy":"category","embeddable":true,"href":"https:\/\/nexus-avocats.ch\/en\/wp-json\/wp\/v2\/categories?post=743"},{"taxonomy":"post_tag","embeddable":true,"href":"https:\/\/nexus-avocats.ch\/en\/wp-json\/wp\/v2\/tags?post=743"}],"curies":[{"name":"wp","href":"https:\/\/api.w.org\/{rel}","templated":true}]}}