{"id":745,"date":"2022-04-07T11:29:00","date_gmt":"2022-04-07T09:29:00","guid":{"rendered":"https:\/\/nexus-avocats.ch\/?p=745"},"modified":"2022-08-16T11:30:19","modified_gmt":"2022-08-16T09:30:19","slug":"marika-campini-rejoint-notre-equipe","status":"publish","type":"post","link":"https:\/\/nexus-avocats.ch\/en\/evenements\/marika-campini-rejoint-notre-equipe\/","title":{"rendered":"Marika Campini rejoint notre \u00e9quipe"},"content":{"rendered":"\n<p>Le plaisir de vous annoncer que Marika Campini a rejoint notre \u00e9quipe en qualit\u00e9 d&#8217;avocate stagiaire.<br>&nbsp;<br>Apr\u00e8s avoir obtenu un Master en droit en professions judiciaires en 2020, Marika Campini a travaill\u00e9 en qualit\u00e9 de juriste aupr\u00e8s de l&#8217;Ensemble hospitalier de la C\u00f4te (EHC).<br>&nbsp;<br>Nous sommes heureux de collaborer avec elle et lui souhaitons plein succ\u00e8s pour le stage d&#8217;avocate.<br>&nbsp;<\/p>\n","protected":false},"excerpt":{"rendered":"<p>Le plaisir de vous annoncer que Marika Campini a rejoint notre \u00e9quipe en qualit\u00e9 d&#8217;avocate stagiaire.&nbsp;Apr\u00e8s avoir obtenu un Master en droit en professions judiciaires en 2020, Marika Campini a travaill\u00e9 en qualit\u00e9 de juriste aupr\u00e8s de l&#8217;Ensemble hospitalier de la C\u00f4te (EHC).&nbsp;Nous sommes heureux de collaborer avec elle et lui souhaitons plein succ\u00e8s pour [&hellip;]<\/p>\n","protected":false},"author":1,"featured_media":0,"comment_status":"open","ping_status":"closed","sticky":false,"template":"","format":"standard","meta":{"_acf_changed":false,"_et_pb_use_builder":"","_et_pb_old_content":"","_et_gb_content_width":"","inline_featured_image":false,"footnotes":""},"categories":[38],"tags":[],"class_list":["post-745","post","type-post","status-publish","format-standard","hentry","category-evenements"],"acf":[],"_links":{"self":[{"href":"https:\/\/nexus-avocats.ch\/en\/wp-json\/wp\/v2\/posts\/745","targetHints":{"allow":["GET"]}}],"collection":[{"href":"https:\/\/nexus-avocats.ch\/en\/wp-json\/wp\/v2\/posts"}],"about":[{"href":"https:\/\/nexus-avocats.ch\/en\/wp-json\/wp\/v2\/types\/post"}],"author":[{"embeddable":true,"href":"https:\/\/nexus-avocats.ch\/en\/wp-json\/wp\/v2\/users\/1"}],"replies":[{"embeddable":true,"href":"https:\/\/nexus-avocats.ch\/en\/wp-json\/wp\/v2\/comments?post=745"}],"version-history":[{"count":0,"href":"https:\/\/nexus-avocats.ch\/en\/wp-json\/wp\/v2\/posts\/745\/revisions"}],"wp:attachment":[{"href":"https:\/\/nexus-avocats.ch\/en\/wp-json\/wp\/v2\/media?parent=745"}],"wp:term":[{"taxonomy":"category","embeddable":true,"href":"https:\/\/nexus-avocats.ch\/en\/wp-json\/wp\/v2\/categories?post=745"},{"taxonomy":"post_tag","embeddable":true,"href":"https:\/\/nexus-avocats.ch\/en\/wp-json\/wp\/v2\/tags?post=745"}],"curies":[{"name":"wp","href":"https:\/\/api.w.org\/{rel}","templated":true}]}}