{"id":751,"date":"2021-09-09T11:31:00","date_gmt":"2021-09-09T09:31:00","guid":{"rendered":"https:\/\/nexus-avocats.ch\/?p=751"},"modified":"2022-08-16T11:38:23","modified_gmt":"2022-08-16T09:38:23","slug":"aurelie-cornamusaz-est-desormais-formee-au-droit-collaboratif","status":"publish","type":"post","link":"https:\/\/nexus-avocats.ch\/en\/evenements\/aurelie-cornamusaz-est-desormais-formee-au-droit-collaboratif\/","title":{"rendered":"Aur\u00e9lie Cornamusaz est d\u00e9sormais form\u00e9e au droit collaboratif"},"content":{"rendered":"\n<p>Aur\u00e9lie Cornamusaz est d\u00e9sormais form\u00e9e au droit collaboratif.<br>&nbsp;<br>Il s&#8217;agit d\u2019un moyen efficace et \u00e9conomique qui utilise des techniques de communication et de n\u00e9gociation pour aider les personnes \u00e0 r\u00e9gler leur litige de mani\u00e8re durable, en respectant les besoins de chacun et sans avoir recours \u00e0 un tribunal pour trancher.<br>&nbsp;<br>Chez NEXUS Avocats, nous accompagnons nos clients dans la r\u00e9solution de leur diff\u00e9rend de la mani\u00e8re la plus appropri\u00e9e \u00e0 leur situation, sans forc\u00e9ment passer par la voie judiciaire. C&#8217;est pourquoi nous sommes form\u00e9s en n\u00e9gociation, m\u00e9diation et droit collaboratif.<\/p>\n","protected":false},"excerpt":{"rendered":"<p>Aur\u00e9lie Cornamusaz est d\u00e9sormais form\u00e9e au droit collaboratif.&nbsp;Il s&#8217;agit d\u2019un moyen efficace et \u00e9conomique qui utilise des techniques de communication et de n\u00e9gociation pour aider les personnes \u00e0 r\u00e9gler leur litige de mani\u00e8re durable, en respectant les besoins de chacun et sans avoir recours \u00e0 un tribunal pour trancher.&nbsp;Chez NEXUS Avocats, nous accompagnons nos clients [&hellip;]<\/p>\n","protected":false},"author":1,"featured_media":0,"comment_status":"open","ping_status":"closed","sticky":false,"template":"","format":"standard","meta":{"_acf_changed":false,"_et_pb_use_builder":"","_et_pb_old_content":"","_et_gb_content_width":"","inline_featured_image":false,"footnotes":""},"categories":[38],"tags":[],"class_list":["post-751","post","type-post","status-publish","format-standard","hentry","category-evenements"],"acf":[],"_links":{"self":[{"href":"https:\/\/nexus-avocats.ch\/en\/wp-json\/wp\/v2\/posts\/751","targetHints":{"allow":["GET"]}}],"collection":[{"href":"https:\/\/nexus-avocats.ch\/en\/wp-json\/wp\/v2\/posts"}],"about":[{"href":"https:\/\/nexus-avocats.ch\/en\/wp-json\/wp\/v2\/types\/post"}],"author":[{"embeddable":true,"href":"https:\/\/nexus-avocats.ch\/en\/wp-json\/wp\/v2\/users\/1"}],"replies":[{"embeddable":true,"href":"https:\/\/nexus-avocats.ch\/en\/wp-json\/wp\/v2\/comments?post=751"}],"version-history":[{"count":0,"href":"https:\/\/nexus-avocats.ch\/en\/wp-json\/wp\/v2\/posts\/751\/revisions"}],"wp:attachment":[{"href":"https:\/\/nexus-avocats.ch\/en\/wp-json\/wp\/v2\/media?parent=751"}],"wp:term":[{"taxonomy":"category","embeddable":true,"href":"https:\/\/nexus-avocats.ch\/en\/wp-json\/wp\/v2\/categories?post=751"},{"taxonomy":"post_tag","embeddable":true,"href":"https:\/\/nexus-avocats.ch\/en\/wp-json\/wp\/v2\/tags?post=751"}],"curies":[{"name":"wp","href":"https:\/\/api.w.org\/{rel}","templated":true}]}}