{"id":2189,"date":"2023-05-26T13:06:32","date_gmt":"2023-05-26T11:06:32","guid":{"rendered":"https:\/\/nexus-avocats.ch\/?p=2189"},"modified":"2025-12-22T13:05:13","modified_gmt":"2025-12-22T12:05:13","slug":"theo-meylan-nomme-comme-vice-president-du-tribunal-de-prudhommes-de-lest-vaudois","status":"publish","type":"post","link":"https:\/\/nexus-avocats.ch\/ru\/evenements\/theo-meylan-nomme-comme-vice-president-du-tribunal-de-prudhommes-de-lest-vaudois\/","title":{"rendered":"Th\u00e9o Meylan nomm\u00e9 vice-pr\u00e9sident du Tribunal de prud&#8217;hommes de l&#8217;Est vaudois"},"content":{"rendered":"<p>Nous avons le plaisir d&#8217;annoncer que notre associ\u00e9 Th\u00e9o Meylan a \u00e9t\u00e9 nomm\u00e9 vice-pr\u00e9sident du Tribunal de prud&#8217;hommes de l&#8217;Est vaudois, autorit\u00e9 judiciaire comp\u00e9tente pour les litiges de droit du travail.<\/p>\n<p>En cette qualit\u00e9, il conduit les audiences de conciliation et pr\u00e9side le Tribunal de prud&#8217;hommes de l&#8217;Est vaudois pour les audiences de jugement.<\/p>\n<p>Th\u00e9o Meylan occupe cette fonction \u00e0 temps partiel, en parall\u00e8le de son activit\u00e9 au sein de l&#8217;\u00e9tude.<\/p>\n","protected":false},"excerpt":{"rendered":"<p>Nous avons le plaisir d&#8217;annoncer que notre associ\u00e9 Th\u00e9o Meylan a \u00e9t\u00e9 nomm\u00e9 vice-pr\u00e9sident du Tribunal de prud&#8217;hommes de l&#8217;Est vaudois, autorit\u00e9 judiciaire comp\u00e9tente pour les litiges de droit du travail. En cette qualit\u00e9, il conduit les audiences de conciliation et pr\u00e9side le Tribunal de prud&#8217;hommes de l&#8217;Est vaudois pour les audiences de jugement. Th\u00e9o [&hellip;]<\/p>\n","protected":false},"author":2,"featured_media":0,"comment_status":"closed","ping_status":"closed","sticky":false,"template":"","format":"standard","meta":{"_acf_changed":false,"_et_pb_use_builder":"","_et_pb_old_content":"","_et_gb_content_width":"","inline_featured_image":false,"footnotes":""},"categories":[38],"tags":[],"class_list":["post-2189","post","type-post","status-publish","format-standard","hentry","category-evenements"],"acf":[],"_links":{"self":[{"href":"https:\/\/nexus-avocats.ch\/ru\/wp-json\/wp\/v2\/posts\/2189","targetHints":{"allow":["GET"]}}],"collection":[{"href":"https:\/\/nexus-avocats.ch\/ru\/wp-json\/wp\/v2\/posts"}],"about":[{"href":"https:\/\/nexus-avocats.ch\/ru\/wp-json\/wp\/v2\/types\/post"}],"author":[{"embeddable":true,"href":"https:\/\/nexus-avocats.ch\/ru\/wp-json\/wp\/v2\/users\/2"}],"replies":[{"embeddable":true,"href":"https:\/\/nexus-avocats.ch\/ru\/wp-json\/wp\/v2\/comments?post=2189"}],"version-history":[{"count":1,"href":"https:\/\/nexus-avocats.ch\/ru\/wp-json\/wp\/v2\/posts\/2189\/revisions"}],"predecessor-version":[{"id":2715,"href":"https:\/\/nexus-avocats.ch\/ru\/wp-json\/wp\/v2\/posts\/2189\/revisions\/2715"}],"wp:attachment":[{"href":"https:\/\/nexus-avocats.ch\/ru\/wp-json\/wp\/v2\/media?parent=2189"}],"wp:term":[{"taxonomy":"category","embeddable":true,"href":"https:\/\/nexus-avocats.ch\/ru\/wp-json\/wp\/v2\/categories?post=2189"},{"taxonomy":"post_tag","embeddable":true,"href":"https:\/\/nexus-avocats.ch\/ru\/wp-json\/wp\/v2\/tags?post=2189"}],"curies":[{"name":"wp","href":"https:\/\/api.w.org\/{rel}","templated":true}]}}