{"id":2529,"date":"2025-02-03T06:13:30","date_gmt":"2025-02-03T05:13:30","guid":{"rendered":"https:\/\/nexus-avocats.ch\/?p=2529"},"modified":"2026-01-15T18:34:26","modified_gmt":"2026-01-15T17:34:26","slug":"clement-jaton-rejoint-nexus","status":"publish","type":"post","link":"https:\/\/nexus-avocats.ch\/ru\/evenements\/clement-jaton-rejoint-nexus\/","title":{"rendered":"Cl\u00e9ment Jaton rejoint NEXUS en qualit\u00e9 d&#8217;associ\u00e9"},"content":{"rendered":"<p>Nous avons le plaisir d&#8217;annoncer l&#8217;arriv\u00e9e de Cl\u00e9ment Jaton en tant que nouvel associ\u00e9 de l&#8217;\u00e9tude d\u00e8s le 1er f\u00e9vrier 2025.<\/p>\n<p>Cl\u00e9ment Jaton conseille et repr\u00e9sente et accompagne notamment des entreprises de toutes tailles en mati\u00e8re de fusions-acquisitions (M&amp;A), d&#8217;op\u00e9rations de capital risque (<em>venture capital<\/em>) et d&#8217;op\u00e9rations immobili\u00e8res.<\/p>\n","protected":false},"excerpt":{"rendered":"<p>Nous avons le plaisir d&#8217;annoncer l&#8217;arriv\u00e9e de Cl\u00e9ment Jaton en tant que nouvel associ\u00e9 de l&#8217;\u00e9tude d\u00e8s le 1er f\u00e9vrier 2025. Cl\u00e9ment Jaton conseille et repr\u00e9sente et accompagne notamment des entreprises de toutes tailles en mati\u00e8re de fusions-acquisitions (M&amp;A), d&#8217;op\u00e9rations de capital risque (venture capital) et d&#8217;op\u00e9rations immobili\u00e8res.<\/p>\n","protected":false},"author":2,"featured_media":0,"comment_status":"closed","ping_status":"closed","sticky":false,"template":"","format":"standard","meta":{"_acf_changed":false,"_et_pb_use_builder":"","_et_pb_old_content":"","_et_gb_content_width":"","inline_featured_image":false,"footnotes":""},"categories":[38],"tags":[],"class_list":["post-2529","post","type-post","status-publish","format-standard","hentry","category-evenements"],"acf":[],"_links":{"self":[{"href":"https:\/\/nexus-avocats.ch\/ru\/wp-json\/wp\/v2\/posts\/2529","targetHints":{"allow":["GET"]}}],"collection":[{"href":"https:\/\/nexus-avocats.ch\/ru\/wp-json\/wp\/v2\/posts"}],"about":[{"href":"https:\/\/nexus-avocats.ch\/ru\/wp-json\/wp\/v2\/types\/post"}],"author":[{"embeddable":true,"href":"https:\/\/nexus-avocats.ch\/ru\/wp-json\/wp\/v2\/users\/2"}],"replies":[{"embeddable":true,"href":"https:\/\/nexus-avocats.ch\/ru\/wp-json\/wp\/v2\/comments?post=2529"}],"version-history":[{"count":3,"href":"https:\/\/nexus-avocats.ch\/ru\/wp-json\/wp\/v2\/posts\/2529\/revisions"}],"predecessor-version":[{"id":2759,"href":"https:\/\/nexus-avocats.ch\/ru\/wp-json\/wp\/v2\/posts\/2529\/revisions\/2759"}],"wp:attachment":[{"href":"https:\/\/nexus-avocats.ch\/ru\/wp-json\/wp\/v2\/media?parent=2529"}],"wp:term":[{"taxonomy":"category","embeddable":true,"href":"https:\/\/nexus-avocats.ch\/ru\/wp-json\/wp\/v2\/categories?post=2529"},{"taxonomy":"post_tag","embeddable":true,"href":"https:\/\/nexus-avocats.ch\/ru\/wp-json\/wp\/v2\/tags?post=2529"}],"curies":[{"name":"wp","href":"https:\/\/api.w.org\/{rel}","templated":true}]}}