{"id":2832,"date":"2025-03-05T17:26:05","date_gmt":"2025-03-05T16:26:05","guid":{"rendered":"https:\/\/nexus-avocats.ch\/?p=2832"},"modified":"2026-02-14T17:33:26","modified_gmt":"2026-02-14T16:33:26","slug":"tour-de-financement-kredo-sa","status":"publish","type":"post","link":"https:\/\/nexus-avocats.ch\/ru\/deals-and-cases\/tour-de-financement-kredo-sa\/","title":{"rendered":"Tour de financement Kredo SA"},"content":{"rendered":"<p>Kredo SA est un fournisseur de financements alternatifs destin\u00e9s aux entreprises suisses et s&#8217;appuyant sur un fonds (Kredo Debt Fund I) exclusivement d\u00e9di\u00e9 au financement des PME suisses. NEXUS Avocats a notamment conseill\u00e9 Kredo SA dans le cadre de son tour de financement permettant \u00e0 la soci\u00e9t\u00e9 de lever des fonds pour son d\u00e9veloppement. L&#8217;\u00e9quipe \u00e9tait men\u00e9e par Nicolas F. Krauer.<\/p>\n","protected":false},"excerpt":{"rendered":"<p>Kredo SA est un fournisseur de financements alternatifs destin\u00e9s aux entreprises suisses et s&#8217;appuyant sur un fonds (Kredo Debt Fund I) exclusivement d\u00e9di\u00e9 au financement des PME suisses. NEXUS Avocats a notamment conseill\u00e9 Kredo SA dans le cadre de son tour de financement permettant \u00e0 la soci\u00e9t\u00e9 de lever des fonds pour son d\u00e9veloppement. L&#8217;\u00e9quipe [&hellip;]<\/p>\n","protected":false},"author":2,"featured_media":0,"comment_status":"closed","ping_status":"closed","sticky":false,"template":"","format":"standard","meta":{"_acf_changed":false,"_et_pb_use_builder":"","_et_pb_old_content":"","_et_gb_content_width":"","inline_featured_image":false,"footnotes":""},"categories":[37],"tags":[],"class_list":["post-2832","post","type-post","status-publish","format-standard","hentry","category-deals-and-cases"],"acf":[],"_links":{"self":[{"href":"https:\/\/nexus-avocats.ch\/ru\/wp-json\/wp\/v2\/posts\/2832","targetHints":{"allow":["GET"]}}],"collection":[{"href":"https:\/\/nexus-avocats.ch\/ru\/wp-json\/wp\/v2\/posts"}],"about":[{"href":"https:\/\/nexus-avocats.ch\/ru\/wp-json\/wp\/v2\/types\/post"}],"author":[{"embeddable":true,"href":"https:\/\/nexus-avocats.ch\/ru\/wp-json\/wp\/v2\/users\/2"}],"replies":[{"embeddable":true,"href":"https:\/\/nexus-avocats.ch\/ru\/wp-json\/wp\/v2\/comments?post=2832"}],"version-history":[{"count":2,"href":"https:\/\/nexus-avocats.ch\/ru\/wp-json\/wp\/v2\/posts\/2832\/revisions"}],"predecessor-version":[{"id":2834,"href":"https:\/\/nexus-avocats.ch\/ru\/wp-json\/wp\/v2\/posts\/2832\/revisions\/2834"}],"wp:attachment":[{"href":"https:\/\/nexus-avocats.ch\/ru\/wp-json\/wp\/v2\/media?parent=2832"}],"wp:term":[{"taxonomy":"category","embeddable":true,"href":"https:\/\/nexus-avocats.ch\/ru\/wp-json\/wp\/v2\/categories?post=2832"},{"taxonomy":"post_tag","embeddable":true,"href":"https:\/\/nexus-avocats.ch\/ru\/wp-json\/wp\/v2\/tags?post=2832"}],"curies":[{"name":"wp","href":"https:\/\/api.w.org\/{rel}","templated":true}]}}